{"id":1403,"date":"2014-11-11T19:52:59","date_gmt":"2014-11-11T18:52:59","guid":{"rendered":"http:\/\/pclos.janu.hu\/?p=1403"},"modified":"2014-11-11T19:52:59","modified_gmt":"2014-11-11T18:52:59","slug":"shellshock-kolt-talan-igen-talan-nem","status":"publish","type":"post","link":"http:\/\/pclos.janu.hu\/?p=1403","title":{"rendered":"Shellshock-kolt? Tal\u00e1n igen, tal\u00e1n nem"},"content":{"rendered":"<p>Ez \u00e9v szeptember\u00e9ben napvil\u00e1gra ker\u00fclt a <em>bash<\/em> r\u00e9g\u00f3ta megl\u00e9v\u0151 sebezhet\u0151s\u00e9ge, ami nem kis riadalmat keltett \u2013 egyesek m\u00e1r a shell haszn\u00e1lhatatlans\u00e1g\u00e1r\u00f3l kezdtek cikkezni, m\u00e1sok a <em>bash<\/em> lelk\u00e9t k\u00e9pez\u0151 f\u00fcggv\u00e9nyt\u00e1r \u00e9s f\u00fcggv\u00e9ny k\u00e9pz\u00e9si lehet\u0151s\u00e9g letilt\u00e1s\u00e1r\u00f3l kezdtek besz\u00e9lni. Pedig a probl\u00e9ma nem ilyen bonyolult. Err\u0151l \u00edr <strong><span style=\"color: #993300;\">parnote<\/span><\/strong>: <a href=\"http:\/\/pclos.janu.hu\/wp-content\/uploads\/2014\/11\/11_04_shellshock.pdf\" target=\"_blank\">shellshock-kolva<\/a>.<\/p>\n","protected":false},"excerpt":{"rendered":"<p>Ez \u00e9v szeptember\u00e9ben napvil\u00e1gra ker\u00fclt a bash r\u00e9g\u00f3ta megl\u00e9v\u0151 sebezhet\u0151s\u00e9ge, ami nem kis riadalmat keltett \u2013 egyesek m\u00e1r a shell haszn\u00e1lhatatlans\u00e1g\u00e1r\u00f3l kezdtek cikkezni, m\u00e1sok a bash lelk\u00e9t k\u00e9pez\u0151 f\u00fcggv\u00e9nyt\u00e1r \u00e9s f\u00fcggv\u00e9ny k\u00e9pz\u00e9si lehet\u0151s\u00e9g letilt\u00e1s\u00e1r\u00f3l kezdtek besz\u00e9lni. Pedig a probl\u00e9ma nem &hellip; <a href=\"http:\/\/pclos.janu.hu\/?p=1403\">Egy kattint\u00e1s ide a folytat\u00e1shoz&#8230;. <span class=\"meta-nav\">&rarr;<\/span><\/a><\/p>\n","protected":false},"author":1,"featured_media":0,"comment_status":"open","ping_status":"closed","sticky":false,"template":"","format":"standard","meta":{"footnotes":""},"categories":[5,9],"tags":[167,197,164,19],"class_list":["post-1403","post","type-post","status-publish","format-standard","hentry","category-magazin","category-rendszer","tag-bash","tag-rendszer","tag-shell","tag-terminal"],"_links":{"self":[{"href":"http:\/\/pclos.janu.hu\/index.php?rest_route=\/wp\/v2\/posts\/1403","targetHints":{"allow":["GET"]}}],"collection":[{"href":"http:\/\/pclos.janu.hu\/index.php?rest_route=\/wp\/v2\/posts"}],"about":[{"href":"http:\/\/pclos.janu.hu\/index.php?rest_route=\/wp\/v2\/types\/post"}],"author":[{"embeddable":true,"href":"http:\/\/pclos.janu.hu\/index.php?rest_route=\/wp\/v2\/users\/1"}],"replies":[{"embeddable":true,"href":"http:\/\/pclos.janu.hu\/index.php?rest_route=%2Fwp%2Fv2%2Fcomments&post=1403"}],"version-history":[{"count":1,"href":"http:\/\/pclos.janu.hu\/index.php?rest_route=\/wp\/v2\/posts\/1403\/revisions"}],"predecessor-version":[{"id":1405,"href":"http:\/\/pclos.janu.hu\/index.php?rest_route=\/wp\/v2\/posts\/1403\/revisions\/1405"}],"wp:attachment":[{"href":"http:\/\/pclos.janu.hu\/index.php?rest_route=%2Fwp%2Fv2%2Fmedia&parent=1403"}],"wp:term":[{"taxonomy":"category","embeddable":true,"href":"http:\/\/pclos.janu.hu\/index.php?rest_route=%2Fwp%2Fv2%2Fcategories&post=1403"},{"taxonomy":"post_tag","embeddable":true,"href":"http:\/\/pclos.janu.hu\/index.php?rest_route=%2Fwp%2Fv2%2Ftags&post=1403"}],"curies":[{"name":"wp","href":"https:\/\/api.w.org\/{rel}","templated":true}]}}