{"id":2312,"date":"2017-04-14T18:02:21","date_gmt":"2017-04-14T16:02:21","guid":{"rendered":"http:\/\/pclos.janu.hu\/?p=2312"},"modified":"2017-04-14T18:04:20","modified_gmt":"2017-04-14T16:04:20","slug":"grub-boot-iso-bol","status":"publish","type":"post","link":"http:\/\/pclos.janu.hu\/?p=2312","title":{"rendered":"GRUB Boot ISO-b\u00f3l"},"content":{"rendered":"<p style=\"text-align: justify;\">A Linux Journal \u00e1lland\u00f3 szerz\u0151je \u00e9s k\u00fcl\u00f6nf\u00e9le sorozatok k\u00e9sz\u00edt\u0151je, <span style=\"color: #0000ff;\"><strong>Kyle Rankin<\/strong><\/span>, most a <em>GRUB2<\/em> el\u0151nyeit felhaszn\u00e1lva p\u00e9lda telep\u00edt\u00e9st mutat be egy OEM t\u00edpus\u00fa part\u00edci\u00f3 alkalmaz\u00e1s\u00e1val <a href=\"http:\/\/pclos.janu.hu\/wp-content\/uploads\/2017\/04\/GRUB_boot_fm_ISO.pdf\" target=\"_blank\">GRUB Boot ISO-b\u00f3l<\/a>. A megold\u00e1s f\u0151leg azoknak lehet \u00e9rdekes, akik el\u0151re telep\u00edtett Linux-szal sz\u00e1ll\u00edtanak g\u00e9peket, de h\u00e1zi haszn\u00e1latra is kiv\u00e1l\u00f3an el\u0151\u00e1ll\u00edthat\u00f3 (term\u00e9szetesen megfelel\u0151 m\u00e9ret\u0171 hely l\u00e9tez\u00e9se eset\u00e9n).<\/p>\n","protected":false},"excerpt":{"rendered":"<p>A Linux Journal \u00e1lland\u00f3 szerz\u0151je \u00e9s k\u00fcl\u00f6nf\u00e9le sorozatok k\u00e9sz\u00edt\u0151je, Kyle Rankin, most a GRUB2 el\u0151nyeit felhaszn\u00e1lva p\u00e9lda telep\u00edt\u00e9st mutat be egy OEM t\u00edpus\u00fa part\u00edci\u00f3 alkalmaz\u00e1s\u00e1val GRUB Boot ISO-b\u00f3l. A megold\u00e1s f\u0151leg azoknak lehet \u00e9rdekes, akik el\u0151re telep\u00edtett Linux-szal sz\u00e1ll\u00edtanak g\u00e9peket, &hellip; <a href=\"http:\/\/pclos.janu.hu\/?p=2312\">Egy kattint\u00e1s ide a folytat\u00e1shoz&#8230;. <span class=\"meta-nav\">&rarr;<\/span><\/a><\/p>\n","protected":false},"author":1,"featured_media":0,"comment_status":"open","ping_status":"closed","sticky":false,"template":"","format":"standard","meta":{"footnotes":""},"categories":[51],"tags":[85,91],"class_list":["post-2312","post","type-post","status-publish","format-standard","hentry","category-egyeb-irasok","tag-85","tag-grub"],"_links":{"self":[{"href":"http:\/\/pclos.janu.hu\/index.php?rest_route=\/wp\/v2\/posts\/2312","targetHints":{"allow":["GET"]}}],"collection":[{"href":"http:\/\/pclos.janu.hu\/index.php?rest_route=\/wp\/v2\/posts"}],"about":[{"href":"http:\/\/pclos.janu.hu\/index.php?rest_route=\/wp\/v2\/types\/post"}],"author":[{"embeddable":true,"href":"http:\/\/pclos.janu.hu\/index.php?rest_route=\/wp\/v2\/users\/1"}],"replies":[{"embeddable":true,"href":"http:\/\/pclos.janu.hu\/index.php?rest_route=%2Fwp%2Fv2%2Fcomments&post=2312"}],"version-history":[{"count":3,"href":"http:\/\/pclos.janu.hu\/index.php?rest_route=\/wp\/v2\/posts\/2312\/revisions"}],"predecessor-version":[{"id":2316,"href":"http:\/\/pclos.janu.hu\/index.php?rest_route=\/wp\/v2\/posts\/2312\/revisions\/2316"}],"wp:attachment":[{"href":"http:\/\/pclos.janu.hu\/index.php?rest_route=%2Fwp%2Fv2%2Fmedia&parent=2312"}],"wp:term":[{"taxonomy":"category","embeddable":true,"href":"http:\/\/pclos.janu.hu\/index.php?rest_route=%2Fwp%2Fv2%2Fcategories&post=2312"},{"taxonomy":"post_tag","embeddable":true,"href":"http:\/\/pclos.janu.hu\/index.php?rest_route=%2Fwp%2Fv2%2Ftags&post=2312"}],"curies":[{"name":"wp","href":"https:\/\/api.w.org\/{rel}","templated":true}]}}