{"id":2471,"date":"2017-09-07T06:13:44","date_gmt":"2017-09-07T04:13:44","guid":{"rendered":"http:\/\/pclos.janu.hu\/?p=2471"},"modified":"2017-09-07T06:22:28","modified_gmt":"2017-09-07T04:22:28","slug":"tip-top-tips-kde-alkalmazasok-lassu-megnyitas-es-mentes-parbeszed","status":"publish","type":"post","link":"http:\/\/pclos.janu.hu\/?p=2471","title":{"rendered":"Tip Top Tips: KDE alkalmaz\u00e1sok &#8211; lass\u00fa megnyit\u00e1s \u00e9s ment\u00e9s p\u00e1rbesz\u00e9d"},"content":{"rendered":"<p style=\"text-align: justify;\">Ha lass\u00fa a KDE-d, told meg egy \u2013 kis ut\u00e1na igaz\u00edt\u00e1ssal:<!--more--> <a href=\"http:\/\/pclos.janu.hu\/wp-content\/uploads\/2017\/09\/09_06_17_TTT_Slow_KDE.pdf\" target=\"_blank\" rel=\"noopener\">Tip Top Tips: KDE alkalmaz\u00e1sok &#8211; lass\u00fa megnyit\u00e1s \u00e9s ment\u00e9s p\u00e1rbesz\u00e9d<\/a>. K\u00e9ts\u00e9gtelen, hogy a nagy grafikus kezel\u0151kn\u00e9l a robusztuss\u00e1g, sz\u00e9ps\u00e9g, csillog\u00e1s-villog\u00e1s h\u00e1tr\u00e1nyokkal is j\u00e1r(hat). Ebben a cikkben <span style=\"color: #0000ff;\"><strong>dm+<\/strong> <\/span>bemutat egy-k\u00e9t lehet\u0151s\u00e9get a KDE megf\u00e9kez\u00e9s\u00e9re.<\/p>\n<p style=\"text-align: justify;\">A szerkeszt\u0151 megjegyz\u00e9se: val\u00f3 igaz, hogy a sz\u00e1m\u00edt\u00e1stechnik\u00e1ban ma m\u00e1r a \u201eTeremt\u0151\u201d hardvere sem el\u00e9g. Hol van m\u00e1r a 640 Kb-os g\u00e9pek korszaka? Az\u00e9rt ne feledj\u00fck el, hogy v\u00e1ltozatlanul nem szerencs\u00e9s k\u00e9t k\u00e9perny\u0151 kezel\u0151 \u201e\u00f6tv\u00f6z\u00e9se\u201d. Ilyen mell\u00e9khat\u00e1sokkal is j\u00e1rhat. Nekem a 4Gb-os g\u00e9pemen jelentkezik nagy n\u00e9ha lassul\u00e1s, de csak az\u00e9rt, mert k\u00e9nytelen vagyok m\u00e1s k\u00e9perny\u0151kezel\u0151b\u0151l \u201ek\u00f6lcs\u00f6nz\u00f6tt\u201d programot futtatni. Megold\u00e1s: ha lehet, ker\u00fclj\u00fck a kever\u00e9st.<\/p>\n","protected":false},"excerpt":{"rendered":"<p>Ha lass\u00fa a KDE-d, told meg egy \u2013 kis ut\u00e1na igaz\u00edt\u00e1ssal:<\/p>\n","protected":false},"author":1,"featured_media":0,"comment_status":"open","ping_status":"closed","sticky":false,"template":"","format":"standard","meta":{"footnotes":""},"categories":[5],"tags":[258,201,284],"class_list":["post-2471","post","type-post","status-publish","format-standard","hentry","category-magazin","tag-258","tag-desktop","tag-kde5"],"_links":{"self":[{"href":"http:\/\/pclos.janu.hu\/index.php?rest_route=\/wp\/v2\/posts\/2471","targetHints":{"allow":["GET"]}}],"collection":[{"href":"http:\/\/pclos.janu.hu\/index.php?rest_route=\/wp\/v2\/posts"}],"about":[{"href":"http:\/\/pclos.janu.hu\/index.php?rest_route=\/wp\/v2\/types\/post"}],"author":[{"embeddable":true,"href":"http:\/\/pclos.janu.hu\/index.php?rest_route=\/wp\/v2\/users\/1"}],"replies":[{"embeddable":true,"href":"http:\/\/pclos.janu.hu\/index.php?rest_route=%2Fwp%2Fv2%2Fcomments&post=2471"}],"version-history":[{"count":2,"href":"http:\/\/pclos.janu.hu\/index.php?rest_route=\/wp\/v2\/posts\/2471\/revisions"}],"predecessor-version":[{"id":2477,"href":"http:\/\/pclos.janu.hu\/index.php?rest_route=\/wp\/v2\/posts\/2471\/revisions\/2477"}],"wp:attachment":[{"href":"http:\/\/pclos.janu.hu\/index.php?rest_route=%2Fwp%2Fv2%2Fmedia&parent=2471"}],"wp:term":[{"taxonomy":"category","embeddable":true,"href":"http:\/\/pclos.janu.hu\/index.php?rest_route=%2Fwp%2Fv2%2Fcategories&post=2471"},{"taxonomy":"post_tag","embeddable":true,"href":"http:\/\/pclos.janu.hu\/index.php?rest_route=%2Fwp%2Fv2%2Ftags&post=2471"}],"curies":[{"name":"wp","href":"https:\/\/api.w.org\/{rel}","templated":true}]}}