{"id":254,"date":"2013-10-22T16:58:17","date_gmt":"2013-10-22T14:58:17","guid":{"rendered":"http:\/\/pclos.janu.hu\/?p=254"},"modified":"2013-10-23T18:03:42","modified_gmt":"2013-10-23T16:03:42","slug":"254","status":"publish","type":"post","link":"http:\/\/pclos.janu.hu\/?p=254","title":{"rendered":"KDE 4: widget-ekr\u0151l r\u00e9szletesen"},"content":{"rendered":"<table border=\"0\">\n<tbody>\n<tr>\n<td style=\"text-align: center;\">\n<p style=\"margin-bottom: 0cm; font-size: 18px; font-weight: bold;\"><a style=\"font-size: 16px;\" title=\"PCLinuxOS Magazine 2010. May\" href=\"http:\/\/pclosmag.com\/html\/Issues\/201005\/links.html\" target=\"_blank\">PCLinuxOS Magazine \u2013 2010. m\u00e1jus<\/a><\/p>\n<p style=\"margin-bottom: 0cm;\"><span style=\"font-weight: bold;\"><span style=\"font-size: xx-small;\">Kivonatos \u00e9s n\u00e9mileg \u00e1tdolgozott ford\u00edt\u00e1s<\/span><\/span><\/p>\n<p style=\"margin-bottom: 0cm;\">Az eredeti cikk: <a title=\"widgets galore\" href=\"http:\/\/pclosmag.com\/html\/Issues\/201005\/page06.html\" target=\"_blank\">KDE 4: Widgets Galore<\/a><\/p>\n<p style=\"margin-top: 0.15cm; margin-bottom: 0,15cm; margin-left: 25px; margin-right: 25px; font-size: -1; font-style: italic;\">Ehhez a cikkhez \u00e9rdemes elolvasni a <a title=\"plasma-bemutatasa\" href=\"http:\/\/pclos.janu.hu\/?p=213\" target=\"_blank\">KDE 4: a Plasma bemutat\u00e1sa<\/a> c., kor\u00e1bban k\u00f6z\u00f6lt \u00edr\u00e1st.<\/p>\n<\/td>\n<\/tr>\n<tr>\n<td>\n<p style=\"margin-bottom: 0cm; text-align: left;\">\u00cdrta: <b>Paul Arnote (parnote)<\/b><\/p>\n<\/td>\n<\/tr>\n<tr align=\"left\">\n<td>\n<p style=\"margin-bottom: 0.15cm;\">KDE 4 kapcs\u00e1n sokat hallottunk a widget-ekr\u0151l, amiket a plasmoid-nak is h\u00edvnak (de a tiszt\u00e1nl\u00e1t\u00e1s kedv\u00e9\u00e9rt mi itt widget-nek fogjuk nevezni).<\/p>\n<p><!--more--><\/p>\n<p style=\"margin-bottom: 0.15cm;\">A Panel egy widget. A Rendszer \u00e9rtes\u00edt\u00e9si ter\u00fclete widget. Az \u00d3ra widget. A PC men\u00fc widget. Az Asztalv\u00e1lt\u00f3 widget. Ak\u00e1r telep\u00edthetsz is k\u00fcl\u00f6nleges widget-eket az asztalodra, hogy megfigyeld a sz\u00e1m\u00edt\u00f3g\u00e9ped \u00e1llapot\u00e1t k\u00fcl\u00f6nb\u00f6z\u0151 szempontokb\u00f3l, hogy id\u0151j\u00e1r\u00e1s-el\u0151rejelz\u00e9st jelen\u00edts meg, hogy l\u00e1sd a h\u00edreket, hogy szesz\u00e9lyesen ugr\u00e1ltass egy labd\u00e1t az asztalodon, vagy legyen egy szemp\u00e1r, ami k\u00f6veti az eg\u00e9rmutat\u00f3t a k\u00e9perny\u0151n. Sz\u00f3 szerint widget-b\u0151s\u00e9g van KDE 4 alatt.<\/p>\n<p style=\"margin-bottom: 0.15cm;\">Ahhoz, hogy widget-et rakj az asztalodra, el\u0151sz\u00f6r fel kell oldani az asztali widget-ek z\u00e1rol\u00e1s\u00e1t. Ezt a k\u00e9perny\u0151 jobb fels\u0151 sark\u00e1ban l\u00e9v\u0151 \u201ecashew\u201d men\u00fcb\u0151l, vagy az asztalon jobb billenty\u0171kattint\u00e1sra megjelen\u0151 helyi men\u00fcb\u0151l a \u201eFelold\u00e1s\u201d-t v\u00e1lasztva teheted meg. Ezut\u00e1n a \u201ecashew\u201d-ra a panel jobb sz\u00e9l\u00e9n (vagy a k\u00e9perny\u0151 sark\u00e1ban), vagy az asztalra kattintva a leny\u00edl\u00f3 men\u00fcben v\u00e1laszd az \u201e\u00daj elem\u201d-et. Erre felad egy widget-v\u00e1logat\u00e1st, amib\u0151l az asztalodra tehetsz.<\/p>\n<p style=\"margin-bottom: 0.15cm;\"><a href=\"http:\/\/pclos.janu.hu\/wp-content\/uploads\/2013\/10\/widgets_galore_11.png\"><img loading=\"lazy\" decoding=\"async\" class=\"aligncenter size-medium wp-image-256\" alt=\"widgets_galore_1\" src=\"http:\/\/pclos.janu.hu\/wp-content\/uploads\/2013\/10\/widgets_galore_11-300x35.png\" width=\"300\" height=\"35\" srcset=\"http:\/\/pclos.janu.hu\/wp-content\/uploads\/2013\/10\/widgets_galore_11-300x35.png 300w, http:\/\/pclos.janu.hu\/wp-content\/uploads\/2013\/10\/widgets_galore_11-1024x122.png 1024w, http:\/\/pclos.janu.hu\/wp-content\/uploads\/2013\/10\/widgets_galore_11.png 1919w\" sizes=\"auto, (max-width: 300px) 100vw, 300px\" \/><\/a><\/p>\n<p style=\"margin-bottom: 0.15cm;\">A PCLinuxOS alaptelep\u00edt\u00e9s\u0171 KDE 4-\u00e9ben sz\u00e1mos widget-b\u0151l v\u00e1logathatsz. Akkor j\u00f6jj\u00f6n egy lista ezekr\u0151l a widget-ekr\u0151l, egy (nagyon) r\u00f6vid magyar\u00e1zattal kieg\u00e9sz\u00edtve. Amikor csak lehet a magyar\u00e1zat a widget-b\u0151l mag\u00e1b\u00f3l sz\u00e1rmazik. A PCLinuxOS 2010 alaptelep\u00edt\u00e9s\u00e9ben akt\u00edv widget-ek pirossal szedve.<\/p>\n<p style=\"margin-bottom: 0cm;\"><span style=\"text-decoration: underline;\">Aktivit\u00e1sok (Activity Bar) <\/span>\u2013 az aktivit\u00e1skezel\u0151 megjelen\u00edt\u00e9se<\/p>\n<p style=\"margin-bottom: 0cm;\"><span style=\"text-decoration: underline;\">Anal\u00f3g \u00f3ra<\/span> \u2013 hagyom\u00e1nyos, mutat\u00f3s \u00f3ra<\/p>\n<p style=\"margin-bottom: 0cm;\"><span style=\"text-decoration: underline;\">Programind\u00edt\u00f3 (Application Launcher)<\/span> \u2013 alkalmaz\u00e1sok elind\u00edt\u00e1sa<\/p>\n<p style=\"margin-bottom: 0cm;\"><span style=\"text-decoration: underline; color: #ff0000;\">Programind\u00edt\u00f3 men\u00fc<\/span> \u2013 hagyom\u00e1nyos, men\u00fc alap\u00fa alkalmaz\u00e1sind\u00edt\u00f3 (a PC men\u00fc)<\/p>\n<p style=\"margin-bottom: 0cm;\"><span style=\"text-decoration: underline;\">Felt\u00f6lt\u00f6tts\u00e9gjelz\u0151 (Battery Monitor)<\/span> \u2013 az akkumul\u00e1torok t\u00f6lt\u00f6tts\u00e9g\u00e9t mutatja<\/p>\n<p style=\"margin-bottom: 0cm;\"><span style=\"text-decoration: underline;\">Bin\u00e1ris \u00f3ra<\/span> \u2013 bin\u00e1ris form\u00e1tumban megjelen\u00edtett id\u0151<\/p>\n<p style=\"margin-bottom: 0cm;\"><span style=\"text-decoration: underline;\">Fekete t\u00e1bla<\/span> \u2013 a funkci\u00f3ja nem tiszta \u00e9s nem m\u0171k\u00f6dik rendesen<\/p>\n<p style=\"margin-bottom: 0cm;\"><span style=\"text-decoration: underline;\">Ugr\u00e1l\u00f3 labda<\/span> \u2013 ahogy a neve mondja<\/p>\n<p style=\"margin-bottom: 0cm;\"><span style=\"text-decoration: underline;\">Bubblemon<\/span> \u2013 rendszerfigyel\u0151 bubor\u00e9k<\/p>\n<p style=\"margin-bottom: 0cm;\"><span style=\"text-decoration: underline;\">Sz\u00e1mol\u00f3g\u00e9p<\/span> \u2013 egyszer\u0171 sz\u00e1mol\u00f3g\u00e9p<\/p>\n<p style=\"margin-bottom: 0cm;\"><span style=\"text-decoration: underline;\">Napt\u00e1r<\/span> \u2013 napok megtekint\u00e9s\u00e9re \u00e9s kiv\u00e1laszt\u00e1s\u00e1ra<\/p>\n<p style=\"margin-bottom: 0cm;\"><span style=\"text-decoration: underline;\">Karakterv\u00e1laszt\u00f3<\/span> \u2013 megtekint, kiv\u00e1laszt \u00e9s m\u00e1sol a bet\u0171k\u00e9szletb\u0151l<\/p>\n<p style=\"margin-bottom: 0cm;\"><span style=\"text-decoration: underline;\">Sz\u00ednv\u00e1laszt\u00f3<\/span> \u2013 sz\u00ednv\u00e1laszt\u00e1s az asztalr\u00f3l<\/p>\n<p style=\"margin-bottom: 0cm;\"><span style=\"text-decoration: underline;\">K\u00e9preg\u00e9ny<\/span> \u2013 k\u00e9preg\u00e9nyek az internetr\u0151l<\/p>\n<p style=\"margin-bottom: 0cm; font-style: normal; font-weight: normal;\"><span style=\"text-decoration: underline;\">Feladatkezel\u0151<\/span> (Current Application Control) \u2013 az akt\u00edv ablak kezel\u00e9se<\/p>\n<p style=\"margin-bottom: 0cm;\"><span style=\"text-decoration: underline;\">Eszk\u00f6z\u00e9rtes\u00edt\u0151<\/span> \u2013 \u00faj eszk\u00f6z\u00f6kr\u0151l \u00e9rtes\u00edt\u00e9s \u00e9s azok el\u00e9r\u00e9se<\/p>\n<p style=\"margin-bottom: 0cm;\"><span style=\"text-decoration: underline;\">Sz\u00f3t\u00e1r<\/span> \u2013 sz\u00f3\u00e9rtelmez\u00e9s \u00e9s ford\u00edt\u00e1s k\u00fcl\u00f6nf\u00e9le nyelvekre<\/p>\n<p style=\"margin-bottom: 0cm;\"><span style=\"text-decoration: underline;\">Digit\u00e1lis \u00f3ra<\/span> \u2013 id\u0151 megjelen\u00edt\u00e9se digit\u00e1lis form\u00e1ban<\/p>\n<p style=\"margin-bottom: 0cm;\"><span style=\"text-decoration: underline;\">Szemek<\/span> \u2013 XEyes kl\u00f3n<\/p>\n<p style=\"margin-bottom: 0cm;\"><span style=\"text-decoration: underline;\">15-\u00f6s kirak\u00f3<\/span> \u2013 rakd sorba a dolgokat<\/p>\n<p style=\"margin-bottom: 0cm;\"><span style=\"text-decoration: underline;\">F\u00e1jlfigyel\u0151<\/span> \u2013 kijel\u00f6lt f\u00e1jlok v\u00e1ltoz\u00e1sainak figyel\u00e9se<\/p>\n<p style=\"margin-bottom: 0cm;\"><span style=\"text-decoration: underline;\">Mappan\u00e9zet<\/span> \u2013 k\u00f6nyvt\u00e1rak tartalm\u00e1nak megjelen\u00edt\u00e9se (alapbe\u00e1ll\u00edt\u00e1s szerint a felhaszn\u00e1l\u00f3 \/home-ja)<\/p>\n<p style=\"margin-bottom: 0cm;\"><span style=\"text-decoration: underline;\">Fuzzy \u00f3ra<\/span> \u2013 kev\u00e9sb\u00e9 prec\u00edz form\u00e1tumban megjelen\u00edtett id\u0151<\/p>\n<p style=\"margin-bottom: 0cm;\"><span style=\"text-decoration: underline;\">Bej\u00f6v\u0151 \u00fczenet<\/span> \u2013 \u00e9rtes\u00edt\u00e9s \u00faj \u00fczenetekr\u0151l<\/p>\n<p style=\"margin-bottom: 0cm;\"><span style=\"text-decoration: underline;\">Billenty\u0171zet<\/span> \u2013 virtu\u00e1lis k\u00e9perny\u0151-billenty\u0171zet<\/p>\n<p style=\"margin-bottom: 0cm;\"><span style=\"text-decoration: underline;\">KGet oszlopdiagram<\/span> \u2013 l. a neve<\/p>\n<p style=\"margin-bottom: 0cm;\"><span style=\"text-decoration: underline;\">KGet k\u00f6rdiagram<\/span> \u2013 lmf.<\/p>\n<p style=\"margin-bottom: 0cm;\"><span style=\"text-decoration: underline;\">Tud\u00e1sb\u00e1zis<\/span> \u2013 Opendesktop tud\u00e1sb\u00e1zis<\/p>\n<p style=\"margin-bottom: 0cm;\"><span style=\"text-decoration: underline;\">Konqueror profilok<\/span> \u2013 kilist\u00e1zza \u00e9s ind\u00edtja a profilokat<\/p>\n<p style=\"margin-bottom: 0cm;\"><span style=\"text-decoration: underline;\">Konsole profilok<\/span> \u2013 lmf.<\/p>\n<p style=\"margin-bottom: 0cm;\"><span style=\"text-decoration: underline;\">KTorrent<\/span> \u2013 egy torrent k\u00f6vet\u00e9s\u00e9t teszi lehet\u0151v\u00e9<\/p>\n<p style=\"margin-bottom: 0cm;\"><span style=\"text-decoration: underline;\">Lancelot ind\u00edt\u00f3<\/span> \u2013 alkalmaz\u00e1sind\u00edt\u00f3<\/p>\n<p style=\"margin-bottom: 0cm;\"><span style=\"text-decoration: underline;\">Lancelot Part<\/span> \u2013 a Lancelot men\u00fc elemei az asztalon (\u00fajabban m\u00e1r nincs)<\/p>\n<p style=\"margin-bottom: 0cm;\"><span style=\"text-decoration: underline;\">LCD id\u0151j\u00e1r\u00e1sjelz\u0151<\/span> \u00e1llom\u00e1s \u2013 id\u0151j\u00e1r\u00e1s-jelent\u00e9sek egy LCD-kijelz\u0151 st\u00edlus\u00e1ban<\/p>\n<p style=\"margin-bottom: 0cm;\"><span style=\"text-decoration: underline;\">\u00dczenetr\u00f6gz\u00edt\u0151<\/span> \u2013 jegyzet\u00edr\u00e1s t\u00e1voll\u00e9v\u0151 felhaszn\u00e1l\u00f3nak<\/p>\n<p style=\"margin-bottom: 0cm;\"><span style=\"text-decoration: underline;\">\u00c9letj\u00e1t\u00e9k<\/span> \u2013 a Convay-f\u00e9le \u00e9letj\u00e1t\u00e9k<\/p>\n<p style=\"margin-bottom: 0cm;\"><span style=\"text-decoration: underline; color: #ff0000;\">Z\u00e1rol\u00e1s \/ kijelentkez\u00e9s<\/span> \u2013 k\u00e9perny\u0151z\u00e1rol\u00e1s, vagy kijelentkez\u00e9s<\/p>\n<p style=\"margin-bottom: 0cm;\"><span style=\"text-decoration: underline;\">Luna<\/span> \u2013 holdf\u00e1zisok megjelen\u00edt\u00e9se<\/p>\n<p style=\"margin-bottom: 0cm;\"><span style=\"text-decoration: underline;\">Nagy\u00edt\u00f3<\/span> \u2013 nagy\u00edt\u00f3 a Plasma asztalhoz<\/p>\n<p style=\"margin-bottom: 0cm;\"><span style=\"text-decoration: underline;\">M\u00e9dialej\u00e1tsz\u00f3<\/span> \u2013 kisalkalmaz\u00e1s vide\u00f3k \u00e9s hangok lej\u00e1tsz\u00e1s\u00e1ra<\/p>\n<p style=\"margin-bottom: 0cm;\"><span style=\"text-decoration: underline;\">Mikroblogol\u00e1s<\/span> -friss\u00edti \u00e9s megjelen\u00edti a mikroblogja \u00e1llapot\u00e1t<\/p>\n<p style=\"margin-bottom: 0cm;\"><span style=\"text-decoration: underline;\">H\u00edrek<\/span> \u2013 k\u00fcl\u00f6nb\u00f6z\u0151 forr\u00e1sb\u00f3l sz\u00e1rmaz\u00f3 h\u00edrek (mint az iluvpclinuxos Twitter!)<\/p>\n<p style=\"margin-bottom: 0cm;\"><span style=\"text-decoration: underline;\">Feljegyz\u00e9sek<\/span> \u2013 ragad\u00f3s asztali feljegyz\u00e9sek<\/p>\n<p style=\"margin-bottom: 0cm;\"><span style=\"text-decoration: underline;\">Most j\u00e1tszott<\/span> \u2013 a jelenleg hallgatott sz\u00e1m megjelen\u00edt\u00e9se<\/p>\n<p style=\"margin-bottom: 0cm;\"><span style=\"text-decoration: underline;\">K\u00f6z\u00f6ss\u00e9g<\/span> \u2013 kommunik\u00e1ci\u00f3 a k\u00f6z\u00f6ss\u00e9gi asztal haszn\u00e1lat\u00e1val<\/p>\n<p style=\"margin-bottom: 0cm;\"><span style=\"text-decoration: underline;\">K\u00f6z\u00f6ss\u00e9gi h\u00edrek<\/span> \u2013 t\u00e1j\u00e9koztat\u00e1s a k\u00f6z\u00f6ss\u00e9gi h\u00edrekr\u0151l<\/p>\n<p style=\"margin-bottom: 0cm;\"><span style=\"text-decoration: underline; color: #ff0000;\">Asztalv\u00e1lt\u00f3<\/span> \u2013 virtu\u00e1lis asztalok k\u00f6z\u00f6tti v\u00e1lt\u00e1sra szolg\u00e1l\u00f3 elem<\/p>\n<p style=\"margin-bottom: 0cm;\"><span style=\"text-decoration: underline;\">Pastebin<\/span> \u2013 sz\u00f6veg, vagy k\u00e9p beilleszt\u00e9se t\u00e1voli kiszolg\u00e1l\u00f3ra<\/p>\n<p style=\"margin-bottom: 0cm;\"><span style=\"text-decoration: underline;\">Beilleszt\u00e9s<\/span> \u2013 sz\u00f6vegdarabok beilleszt\u00e9se<\/p>\n<p style=\"margin-bottom: 0cm;\"><span style=\"text-decoration: underline;\">K\u00e9pkeret<\/span> \u2013 megjelen\u00edti kedvenc k\u00e9peit<\/p>\n<p style=\"margin-bottom: 0cm;\"><span style=\"text-decoration: underline;\">Qalculate<\/span> \u2013 hat\u00e9kony matematikai egyenletmegold\u00f3<\/p>\n<p style=\"margin-bottom: 0cm;\"><span style=\"text-decoration: underline;\">Gyorsind\u00edt\u00f3<\/span> \u2013 alkalmaz\u00e1sind\u00edt\u00f3<\/p>\n<p style=\"margin-bottom: 0cm;\"><span style=\"text-decoration: underline;\">Remember The Milk <\/span>\u2013 Remember The Milk teend\u0151lista-kisalkalmaz\u00e1s<\/p>\n<p style=\"margin-bottom: 0cm;\"><span style=\"text-decoration: underline;\">RSSNOW<\/span> \u2013 h\u00edrek, k\u00fcl\u00f6nb\u00f6z\u0151 forr\u00e1sb\u00f3l<\/p>\n<p style=\"margin-bottom: 0cm;\"><span style=\"text-decoration: underline;\">Keres\u0151doboz<\/span> \u2013 keres\u0151doboz egy adott Runner Manager-hez<\/p>\n<p style=\"margin-bottom: 0cm;\"><span style=\"text-decoration: underline; color: #ff0000;\">A munkaasztal megjelen\u00edt\u00e9se<\/span> \u2013 a Plasma munkaasztal megjelen\u00edt\u0151<\/p>\n<p style=\"margin-bottom: 0cm;\"><span style=\"text-decoration: underline;\">Widget\u00e1ttekint\u0151 n\u00e9zet megjelen\u00edt\u00e9se<\/span> \u2013 megjelen\u00edti a Widget\u00e1ttekint\u0151 n\u00e9zetet<\/p>\n<p style=\"margin-bottom: 0cm;\"><span style=\"text-decoration: underline; color: #ff0000;\">Aktivit\u00e1sjelz\u0151<\/span> \u2013 aktivit\u00e1sok k\u00f6z\u00f6tti v\u00e1lt\u00e1sra szolg\u00e1l\u00f3 lapoz\u00f3elem<\/p>\n<p style=\"margin-bottom: 0cm;\"><span style=\"text-decoration: underline;\">Helyes\u00edr\u00e1s-ellen\u0151rz\u00e9s<\/span> \u2013 gyors helyes\u00edr\u00e1s-ellen\u0151rz\u0151<\/p>\n<p style=\"margin-bottom: 0cm;\"><span style=\"text-decoration: underline;\">Rendszerterhel\u00e9s-figyel\u0151 <\/span>\u2013 kicsi CPU\/RAM\/SWAP figyel\u0151<\/p>\n<p style=\"margin-bottom: 0cm;\"><span style=\"text-decoration: underline;\">Rendszermonitor<\/span> \u2013 rendszermonitor kisalkalmaz\u00e1s<\/p>\n<p style=\"margin-bottom: 0cm;\"><span style=\"text-decoration: underline;\">Processzorfigyel\u0151<\/span> \u2013 CPU-haszn\u00e1lat figyel\u00e9se<\/p>\n<p style=\"margin-bottom: 0cm;\"><span style=\"text-decoration: underline;\">Merevlemez I\/O monitor<\/span> \u2013 merevlemez-haszn\u00e1lat figyel\u00e9se<\/p>\n<p style=\"margin-bottom: 0cm;\"><span style=\"text-decoration: underline;\">Hardverjellemz\u0151k<\/span> \u2013 \u00e9rtelemszer\u0171<\/p>\n<p style=\"margin-bottom: 0cm;\"><span style=\"text-decoration: underline;\">H\u00e1l\u00f3zatfigyel\u0151<\/span> \u2013 kijelzi a h\u00e1l\u00f3zat \u00e1llapot\u00e1t<\/p>\n<p style=\"margin-bottom: 0cm;\"><span style=\"text-decoration: underline;\">Mem\u00f3ria\u00e1llapot<\/span> \u2013 a RAM haszn\u00e1lat\u00e1t figyeli<\/p>\n<p style=\"margin-bottom: 0cm;\"><span style=\"text-decoration: underline;\">Rendszermonitor h\u0151m\u00e9rs\u00e9klet <\/span>\u2013 a rendszerh\u0151m\u00e9rs\u00e9kleteket figyeli<\/p>\n<p style=\"margin-bottom: 0cm; font-style: normal; font-weight: normal;\"><span style=\"text-decoration: underline; color: #ff0000;\">Panelt\u00e1lca<\/span> \u2013 minimaliz\u00e1lt alkalmaz\u00e1sok el\u00e9r\u00e9s\u00e9t teszi lehet\u0151v\u00e9<\/p>\n<p style=\"margin-bottom: 0cm; font-style: normal; font-weight: normal;\"><span style=\"text-decoration: underline;\">Ikonos feladatkezel\u0151<\/span> \u2013 v\u00e1lt\u00e1s fut\u00f3 alkalmaz\u00e1sok k\u00f6z\u00f6tt<\/p>\n<p style=\"margin-bottom: 0cm;\"><span style=\"text-decoration: underline;\">Id\u0151z\u00edt\u0151<\/span> \u2013 visszasz\u00e1ml\u00e1l\u00e1s egy adott id\u0151tartamig<\/p>\n<p style=\"margin-bottom: 0cm;\"><span style=\"text-decoration: underline; color: #ff0000;\">Kuka<\/span> \u2013 a t\u00f6r\u00f6lt f\u00e1jlok el\u00e9r\u00e9se<\/p>\n<p style=\"margin-bottom: 0cm;\"><span style=\"text-decoration: underline;\">M\u00e9rt\u00e9kegys\u00e9gv\u00e1lt\u00f3<\/span> \u2013 m\u00e9rt\u00e9kegys\u00e9gek k\u00f6z\u00f6tt v\u00e1lt\u00f3 plasmoid<\/p>\n<p style=\"margin-bottom: 0cm;\"><span style=\"text-decoration: underline;\">Id\u0151j\u00e1r\u00e1s-el\u0151rejelz\u00e9s<\/span> \u2013 Id\u0151j\u00e1r\u00e1s-inform\u00e1ci\u00f3k megjelen\u00edt\u00e9se<\/p>\n<p style=\"margin-bottom: 0cm;\"><span style=\"text-decoration: underline;\">Webb\u00f6g\u00e9sz\u0151<\/span> \u2013 egyszer\u0171 webb\u00f6ng\u00e9sz\u0151<\/p>\n<p style=\"margin-bottom: 0cm;\"><span style=\"text-decoration: underline;\">Webszelet<\/span> \u2013 weboldalr\u00e9szlet megjelen\u00edt\u00e9se<\/p>\n<p style=\"margin-bottom: 0cm;\"><span style=\"text-decoration: underline;\">Ablaklista<\/span> \u2013 plasmoid a megnyitott ablakok list\u00e1j\u00e1nak megjelen\u00edt\u00e9s\u00e9re<\/p>\n<p style=\"margin-bottom: 0.2cm;\"><span style=\"text-decoration: underline;\">yaWP<\/span> \u2013 Yet Another Weather Plasmoid, id\u0151j\u00e1r\u00e1s-el\u0151rejelz\u0151 plasmoid<\/p>\n<p style=\"margin-bottom: 0.15cm;\">Ha a PCLinuxOS \u00e1ltal alapb\u00f3l telep\u00edtettek k\u00f6z\u00f6tt az \u00e1ltalad keresett widget-et nem tal\u00e1lod, vagy csak k\u00edv\u00e1ncsi vagy, mi \u00fajs\u00e1g a widget-ek vil\u00e1g\u00e1ban, a KDE honlapj\u00e1r\u00f3l let\u00f6lthetsz \u00e9s telep\u00edthetsz tov\u00e1bbiakat. T\u00f6ltsd le a kiv\u00e1lasztott widget-et \u00e9s a men\u00fcben, ami akkor ny\u00edlik le, amikor \u00faj elemet akarsz hozz\u00e1adni, kattints az \u201e\u00daj plasmoid let\u00f6lt\u00e9s\u00e9\u201d-re \u00e9s azon bel\u00fcl a \u201ePlasmoid telep\u00edt\u00e9se helyi f\u00e1jlb\u00f3l\u201d-ra. L\u00e1thatod, hogy 5 k\u00fcl\u00f6nb\u00f6z\u0151 st\u00edlus\u00fa (<b>m\u00e1r csak h\u00e1rom<\/b>) widget-ek k\u00f6z\u00fcl v\u00e1laszthatsz telep\u00edt\u00e9sre: Plasma, <span style=\"text-decoration: line-through;\">QEdje, Google Gadgets,<\/span> Mac OS-X dashboard widget \u00e9s Web Widgets. Csak menj \u00e9s v\u00e1laszd ki a let\u00f6lt\u00f6tt f\u00e1jlt. Melegen aj\u00e1nlott, hogy a KDE honlapj\u00e1r\u00f3l let\u00f6lt\u00f6tt widget-eket a \/home-odban egy k\u00fcl\u00f6n k\u00f6nyvt\u00e1rba mentsd, aminek lehetne a neve \u201ewidgets\u201d.<\/p>\n<p style=\"margin-bottom: 0cm;\">Az \u201e\u00daj elem\u201d gomb \u00e9s az \u201e\u00daj plasmoid let\u00f6lt\u00e9se\u201d kiv\u00e1laszt\u00e1sa ut\u00e1n a let\u00f6lt\u00e9st is v\u00e1laszthatod. Akkor a lentihez hasonl\u00f3 ablakot kapsz.<\/p>\n<p style=\"margin-bottom: 0cm;\"><a href=\"http:\/\/pclos.janu.hu\/wp-content\/uploads\/2013\/10\/widgets_galore_2.png\"><img loading=\"lazy\" decoding=\"async\" class=\"aligncenter size-medium wp-image-257\" alt=\"widgets_galore_2\" src=\"http:\/\/pclos.janu.hu\/wp-content\/uploads\/2013\/10\/widgets_galore_2-300x280.png\" width=\"300\" height=\"280\" srcset=\"http:\/\/pclos.janu.hu\/wp-content\/uploads\/2013\/10\/widgets_galore_2-300x280.png 300w, http:\/\/pclos.janu.hu\/wp-content\/uploads\/2013\/10\/widgets_galore_2.png 700w\" sizes=\"auto, (max-width: 300px) 100vw, 300px\" \/><\/a><\/p>\n<p style=\"margin-bottom: 0.15cm;\">Amikor megtal\u00e1ltad a widget-et, amit telep\u00edteni szeretn\u00e9l, egyszer\u0171en kattints a \u201eTelep\u00edt\u00e9s\u201d-re a widget le\u00edr\u00f3 ablak\u00e1t\u00f3l jobbra. Amennyiben az adott widget m\u00e1r telep\u00fclt, a felirat \u201eElt\u00e1vol\u00edt\u00e1s\u201d-ra v\u00e1lt, lehet\u0151v\u00e9 t\u00e9ve a widget t\u00f6rl\u00e9s\u00e9t. Azt azonban ne v\u00e1rd, hogy minden megjelen\u00edtett widget rendesen m\u0171k\u00f6dni fog. A k\u00e9perny\u0151k\u00e9pen a \u201egmail-plasmoid\u201d mellett l\u00e1thatod az \u201eUninstall\u201d (elt\u00e1vol\u00edt\u00e1s) jelz\u00e9st. Ez a widget a PCLinuxOS Beta (se az egyes, se a kettes) alatt nekem sosem m\u0171k\u00f6d\u00f6tt.<\/p>\n<p style=\"margin-left: 25px; margin-right: 25px; margin-bottom: 0.15cm; font-weight: bold;\">A cikkben le\u00edrtakkal ellent\u00e9tben a Google Gadgets-ek k\u00f6zvetlen\u00fcl nem \u00e9rhet\u0151ek el, ez\u00e9rt a vonatkoz\u00f3 k\u00e9t bekezd\u00e9st t\u00f6r\u00f6ltem<span style=\"font-weight: normal;\">!<\/span><\/p>\n<p style=\"margin-bottom: 0.15cm;\">Mindazon\u00e1ltal a kde-look.org honlap oldals\u00e1vj\u00e1b\u00f3l kett\u0151 let\u00f6lthet\u0151, \u00e9s van egy \u201e<a href=\"http:\/\/code.google.com\/p\/google-gadgets-for-linux\/\">google-gadgets-for-linux<\/a>\u201d oldal, ahol linuxos fejleszt\u00e9s folyik.<\/p>\n<p style=\"margin-bottom: 0.15cm;\">A k\u00e9perny\u0151k\u00e9pen l\u00e1that\u00f3, hogy n\u00e9gy widget-et helyeztem el a k\u00e9perny\u0151m\u00f6n. Ezek fentr\u0151l lefel\u00e9: a \u201eH\u00e1l\u00f3zatfigyel\u0151, a \u201eRendszermonitor h\u0151m\u00e9rs\u00e9klet\u201d, az \u201eyaWP\u201d \u00e9s a \u201eH\u00edrek\u201d. Mind a n\u00e9gy KDE-s widget. A h\u00edrekhez \u00e9n az \u201eiluvpclinuxos\u201d twitter oldal RSS-folyam\u00e1t \u00e1ll\u00edtottam be. (<span style=\"font-style: italic;\">N\u00e1lam ilyesmik lenn\u00e9nek. &#8211; ford.<\/span>)<\/p>\n<p style=\"margin-bottom: 0.15cm;\"><a href=\"http:\/\/pclos.janu.hu\/wp-content\/uploads\/2013\/10\/widgets_galore_3.png\"><img loading=\"lazy\" decoding=\"async\" class=\"aligncenter size-medium wp-image-258\" alt=\"widgets_galore_3\" src=\"http:\/\/pclos.janu.hu\/wp-content\/uploads\/2013\/10\/widgets_galore_3-186x300.png\" width=\"186\" height=\"300\" srcset=\"http:\/\/pclos.janu.hu\/wp-content\/uploads\/2013\/10\/widgets_galore_3-186x300.png 186w, http:\/\/pclos.janu.hu\/wp-content\/uploads\/2013\/10\/widgets_galore_3-637x1024.png 637w, http:\/\/pclos.janu.hu\/wp-content\/uploads\/2013\/10\/widgets_galore_3.png 726w\" sizes=\"auto, (max-width: 186px) 100vw, 186px\" \/><\/a><\/p>\n<p style=\"margin-bottom: 0cm;\">L\u00e1that\u00f3, hogy k\u00f6nny\u0171 az asztalodat be\u00e1ll\u00edtani. Gyakorolj a t\u00f6bbi KDE 4 widget-tel! Az is sz\u00e9p, hogy a KDE-fejleszt\u0151k felkarolt\u00e1k a t\u00f6bbi, el\u00e9rhet\u0151 widget platformot, lehet\u0151v\u00e9 t\u00e9ve, hogy a KDE 4 asztalodon azokat is alkalmazd. El\u00e9g z\u00f6kken\u0151mentesen bedolgozt\u00e1k, emiatt neh\u00e9z megk\u00fcl\u00f6nb\u00f6ztetni az egyik platformot a m\u00e1sikt\u00f3l. T\u00f6bbnyire egyszer\u0171en csak m\u0171k\u00f6dnek, itt-ott kisebb z\u00f6kken\u0151kkel.<\/p>\n<\/td>\n<\/tr>\n<\/tbody>\n<\/table>\n","protected":false},"excerpt":{"rendered":"<p>PCLinuxOS Magazine \u2013 2010. m\u00e1jus Kivonatos \u00e9s n\u00e9mileg \u00e1tdolgozott ford\u00edt\u00e1s Az eredeti cikk: KDE 4: Widgets Galore Ehhez a cikkhez \u00e9rdemes elolvasni a KDE 4: a Plasma bemutat\u00e1sa c., kor\u00e1bban k\u00f6z\u00f6lt \u00edr\u00e1st. \u00cdrta: Paul Arnote (parnote) KDE 4 kapcs\u00e1n sokat &hellip; <a href=\"http:\/\/pclos.janu.hu\/?p=254\">Egy kattint\u00e1s ide a folytat\u00e1shoz&#8230;. <span class=\"meta-nav\">&rarr;<\/span><\/a><\/p>\n","protected":false},"author":1,"featured_media":0,"comment_status":"open","ping_status":"closed","sticky":false,"template":"","format":"standard","meta":{"footnotes":""},"categories":[36,5],"tags":[33,201,202,40,37,41],"class_list":["post-254","post","type-post","status-publish","format-standard","hentry","category-kde4","category-magazin","tag-33","tag-desktop","tag-kde4","tag-panel","tag-plasma","tag-widget"],"_links":{"self":[{"href":"http:\/\/pclos.janu.hu\/index.php?rest_route=\/wp\/v2\/posts\/254","targetHints":{"allow":["GET"]}}],"collection":[{"href":"http:\/\/pclos.janu.hu\/index.php?rest_route=\/wp\/v2\/posts"}],"about":[{"href":"http:\/\/pclos.janu.hu\/index.php?rest_route=\/wp\/v2\/types\/post"}],"author":[{"embeddable":true,"href":"http:\/\/pclos.janu.hu\/index.php?rest_route=\/wp\/v2\/users\/1"}],"replies":[{"embeddable":true,"href":"http:\/\/pclos.janu.hu\/index.php?rest_route=%2Fwp%2Fv2%2Fcomments&post=254"}],"version-history":[{"count":4,"href":"http:\/\/pclos.janu.hu\/index.php?rest_route=\/wp\/v2\/posts\/254\/revisions"}],"predecessor-version":[{"id":262,"href":"http:\/\/pclos.janu.hu\/index.php?rest_route=\/wp\/v2\/posts\/254\/revisions\/262"}],"wp:attachment":[{"href":"http:\/\/pclos.janu.hu\/index.php?rest_route=%2Fwp%2Fv2%2Fmedia&parent=254"}],"wp:term":[{"taxonomy":"category","embeddable":true,"href":"http:\/\/pclos.janu.hu\/index.php?rest_route=%2Fwp%2Fv2%2Fcategories&post=254"},{"taxonomy":"post_tag","embeddable":true,"href":"http:\/\/pclos.janu.hu\/index.php?rest_route=%2Fwp%2Fv2%2Ftags&post=254"}],"curies":[{"name":"wp","href":"https:\/\/api.w.org\/{rel}","templated":true}]}}