{"id":2711,"date":"2018-07-10T06:48:56","date_gmt":"2018-07-10T04:48:56","guid":{"rendered":"http:\/\/pclos.janu.hu\/?p=2711"},"modified":"2018-07-10T06:49:48","modified_gmt":"2018-07-10T04:49:48","slug":"a-regen-vart-gimp-2-10-megjelent","status":"publish","type":"post","link":"http:\/\/pclos.janu.hu\/?p=2711","title":{"rendered":"A r\u00e9gen v\u00e1rt GIMP 2.10 megjelent"},"content":{"rendered":"<p style=\"text-align: justify;\">Az egyik legnagyobb szabad sziftveres \u201edob\u00e1s\u201d, a <em>GIMP <\/em>\u00fajabb verzi\u00f3j\u00e1t adt\u00e1k ki a fejleszt\u0151k. A kin\u00e9zetet alaposan kib\u0151v\u00edtett\u00e9k \u00faj t\u00e9m\u00e1kkal \u00e9s ikonokkal. De nem csak ez az \u00faj, err\u0151l <span style=\"color: #008000;\"><strong>Meemaw<\/strong><\/span> cikke r\u00e9szletesen \u00edr: <a href=\"http:\/\/pclos.janu.hu\/wp-content\/uploads\/2018\/07\/07_01_18_GIMP_2_1.pdf\" target=\"_blank\" rel=\"noopener\">A r\u00e9gen v\u00e1rt GIMP 2.10 megjelent<\/a>. \u00c9rdemes figyelmesen elolvasni, mert a cikkb\u0151l kider\u00fcl, a fejleszt\u0151k a felhaszn\u00e1l\u00f3k munk\u00e1j\u00e1nak megk\u00f6nny\u00edt\u00e9s\u00e9re komoly figyelmet ford\u00edtottak.<\/p>\n","protected":false},"excerpt":{"rendered":"<p>Az egyik legnagyobb szabad sziftveres \u201edob\u00e1s\u201d, a GIMP \u00fajabb verzi\u00f3j\u00e1t adt\u00e1k ki a fejleszt\u0151k. A kin\u00e9zetet alaposan kib\u0151v\u00edtett\u00e9k \u00faj t\u00e9m\u00e1kkal \u00e9s ikonokkal. De nem csak ez az \u00faj, err\u0151l Meemaw cikke r\u00e9szletesen \u00edr: A r\u00e9gen v\u00e1rt GIMP 2.10 megjelent. \u00c9rdemes &hellip; <a href=\"http:\/\/pclos.janu.hu\/?p=2711\">Egy kattint\u00e1s ide a folytat\u00e1shoz&#8230;. <span class=\"meta-nav\">&rarr;<\/span><\/a><\/p>\n","protected":false},"author":1,"featured_media":0,"comment_status":"open","ping_status":"closed","sticky":false,"template":"","format":"standard","meta":{"footnotes":""},"categories":[5],"tags":[291,119],"class_list":["post-2711","post","type-post","status-publish","format-standard","hentry","category-magazin","tag-291","tag-gimp"],"_links":{"self":[{"href":"http:\/\/pclos.janu.hu\/index.php?rest_route=\/wp\/v2\/posts\/2711","targetHints":{"allow":["GET"]}}],"collection":[{"href":"http:\/\/pclos.janu.hu\/index.php?rest_route=\/wp\/v2\/posts"}],"about":[{"href":"http:\/\/pclos.janu.hu\/index.php?rest_route=\/wp\/v2\/types\/post"}],"author":[{"embeddable":true,"href":"http:\/\/pclos.janu.hu\/index.php?rest_route=\/wp\/v2\/users\/1"}],"replies":[{"embeddable":true,"href":"http:\/\/pclos.janu.hu\/index.php?rest_route=%2Fwp%2Fv2%2Fcomments&post=2711"}],"version-history":[{"count":2,"href":"http:\/\/pclos.janu.hu\/index.php?rest_route=\/wp\/v2\/posts\/2711\/revisions"}],"predecessor-version":[{"id":2714,"href":"http:\/\/pclos.janu.hu\/index.php?rest_route=\/wp\/v2\/posts\/2711\/revisions\/2714"}],"wp:attachment":[{"href":"http:\/\/pclos.janu.hu\/index.php?rest_route=%2Fwp%2Fv2%2Fmedia&parent=2711"}],"wp:term":[{"taxonomy":"category","embeddable":true,"href":"http:\/\/pclos.janu.hu\/index.php?rest_route=%2Fwp%2Fv2%2Fcategories&post=2711"},{"taxonomy":"post_tag","embeddable":true,"href":"http:\/\/pclos.janu.hu\/index.php?rest_route=%2Fwp%2Fv2%2Ftags&post=2711"}],"curies":[{"name":"wp","href":"https:\/\/api.w.org\/{rel}","templated":true}]}}