{"id":3013,"date":"2019-07-08T17:43:06","date_gmt":"2019-07-08T15:43:06","guid":{"rendered":"http:\/\/pclos.janu.hu\/?p=3013"},"modified":"2019-07-08T17:43:06","modified_gmt":"2019-07-08T15:43:06","slug":"repo-mustra-rednotebook","status":"publish","type":"post","link":"http:\/\/pclos.janu.hu\/?p=3013","title":{"rendered":"Repo Mustra: RedNotebook"},"content":{"rendered":"<p style=\"text-align: justify;\">Kiment a napl\u00f3\u00edr\u00e1s a divatb\u00f3l. Pedig milyen hasznos! Gondoljunk csak Sz\u00e9chenyi napl\u00f3j\u00e1ra, amib\u0151l nyomon lehet k\u00f6vetni a magyar szellemi fellend\u00fcl\u00e9st, reform\u00e1ci\u00f3t, ami a XIX. sz\u00e1zad els\u0151 fel\u00e9ben zajlott. Ez az alkalmaz\u00e1s nem tan\u00edt meg napl\u00f3t \u00edrni, de a napl\u00f3 \u00edr\u00e1s modern kell\u00e9ke: <!--more--><a href=\"http:\/\/pclos.janu.hu\/wp-content\/uploads\/2019\/07\/07_03_19_RR_Rednotebook.pdf\" target=\"_blank\" rel=\"noopener noreferrer\">Repo Mustra: RedNotebook<\/a>. Mondhatja b\u00e1rki: \u201esemmi k\u00fcl\u00f6n\u00f6s\u201d \u2013 pedig az! Egyszer\u0171 eszk\u00f6z, ami alkalmas napl\u00f3 vezet\u00e9s\u00e9re, a lejegyzett gondolatok, esem\u00e9nyek publik\u00e1l\u00e1s\u00e1ra (is). Eleinkkel szemben m\u00e9g az is megadatik, hogy egyszer\u0171 eszk\u00f6zzel lehet a nagy k\u00f6z\u00f6ns\u00e9gnek megmutatni az Interneten, \u00e9s megismerni m\u00e1sok gondolatait, amit \u00edr\u00e1sunk \u00e9bresztett.<\/p>\n","protected":false},"excerpt":{"rendered":"<p>Kiment a napl\u00f3\u00edr\u00e1s a divatb\u00f3l. Pedig milyen hasznos! Gondoljunk csak Sz\u00e9chenyi napl\u00f3j\u00e1ra, amib\u0151l nyomon lehet k\u00f6vetni a magyar szellemi fellend\u00fcl\u00e9st, reform\u00e1ci\u00f3t, ami a XIX. sz\u00e1zad els\u0151 fel\u00e9ben zajlott. Ez az alkalmaz\u00e1s nem tan\u00edt meg napl\u00f3t \u00edrni, de a napl\u00f3 \u00edr\u00e1s &hellip; <a href=\"http:\/\/pclos.janu.hu\/?p=3013\">Egy kattint\u00e1s ide a folytat\u00e1shoz&#8230;. <span class=\"meta-nav\">&rarr;<\/span><\/a><\/p>\n","protected":false},"author":1,"featured_media":0,"comment_status":"open","ping_status":"closed","sticky":false,"template":"","format":"standard","meta":{"footnotes":""},"categories":[5],"tags":[316,326,325],"class_list":["post-3013","post","type-post","status-publish","format-standard","hentry","category-magazin","tag-316","tag-naploiras","tag-repo-mustra"],"_links":{"self":[{"href":"http:\/\/pclos.janu.hu\/index.php?rest_route=\/wp\/v2\/posts\/3013","targetHints":{"allow":["GET"]}}],"collection":[{"href":"http:\/\/pclos.janu.hu\/index.php?rest_route=\/wp\/v2\/posts"}],"about":[{"href":"http:\/\/pclos.janu.hu\/index.php?rest_route=\/wp\/v2\/types\/post"}],"author":[{"embeddable":true,"href":"http:\/\/pclos.janu.hu\/index.php?rest_route=\/wp\/v2\/users\/1"}],"replies":[{"embeddable":true,"href":"http:\/\/pclos.janu.hu\/index.php?rest_route=%2Fwp%2Fv2%2Fcomments&post=3013"}],"version-history":[{"count":1,"href":"http:\/\/pclos.janu.hu\/index.php?rest_route=\/wp\/v2\/posts\/3013\/revisions"}],"predecessor-version":[{"id":3015,"href":"http:\/\/pclos.janu.hu\/index.php?rest_route=\/wp\/v2\/posts\/3013\/revisions\/3015"}],"wp:attachment":[{"href":"http:\/\/pclos.janu.hu\/index.php?rest_route=%2Fwp%2Fv2%2Fmedia&parent=3013"}],"wp:term":[{"taxonomy":"category","embeddable":true,"href":"http:\/\/pclos.janu.hu\/index.php?rest_route=%2Fwp%2Fv2%2Fcategories&post=3013"},{"taxonomy":"post_tag","embeddable":true,"href":"http:\/\/pclos.janu.hu\/index.php?rest_route=%2Fwp%2Fv2%2Ftags&post=3013"}],"curies":[{"name":"wp","href":"https:\/\/api.w.org\/{rel}","templated":true}]}}