{"id":3284,"date":"2020-09-08T21:23:35","date_gmt":"2020-09-08T19:23:35","guid":{"rendered":"http:\/\/pclos.janu.hu\/?p=3284"},"modified":"2020-09-08T21:23:35","modified_gmt":"2020-09-08T19:23:35","slug":"az-eff-keresheto-adatbazist-hozott-letre-a-rendori-szervekrol","status":"publish","type":"post","link":"http:\/\/pclos.janu.hu\/?p=3284","title":{"rendered":"Az EFF kereshet\u00f6 adatb\u00e1zist hozott l\u00e9tre a rend\u00f6ri szervekr\u00f6l&#8230;"},"content":{"rendered":"<p style=\"text-align: justify;\">A c\u00edmben szerepl\u0151 r\u00f6vid\u00edt\u00e9s az <span style=\"color: #3366ff;\"><strong><em>Electronic Frontier Foundation<\/em><\/strong><\/span> megnevez\u00e9st takarja. Ez az alap\u00edtv\u00e1ny felismerte, hogy a titkos megfigyel\u00e9sek egyik \u00e9s legfontosabb ellenszere: a nyilv\u00e1noss\u00e1g.<\/p>\n<p style=\"text-align: justify;\">Napjainkban, amikor az egy\u00e9n mag\u00e1nszf\u00e9r\u00e1j\u00e1nak v\u00e9delme fokozott hangs\u00falyt kap, nagyon fontos tudni, hol figyelnek meg benn\u00fcnket, milyen technik\u00e1kat alkalmaz a rend\u0151rs\u00e9g. Az <span style=\"color: #3366ff;\"><strong><em>Electronic Frontier Foundation<\/em><\/strong><\/span> cikke err\u0151l sz\u00f3l: <!--more--><a href=\"http:\/\/pclos.janu.hu\/wp-content\/uploads\/2020\/09\/08_06_20_EFF_Police_adatb.pdf\" target=\"_blank\" rel=\"noopener noreferrer\">Az EFF kereshet\u00f6 adatb\u00e1zist hozott l\u00e9tre a rend\u00f6ri szervekr\u00f6l \u00e9s az \u00e1ltaluk, a k\u00f6z\u00f6ss\u00e9g elleni k\u00e9mked\u00e9sre haszn\u00e1lt eszk\u00f6z\u00f6kr\u00f6l<\/a>. Egy dologra h\u00edvjuk fel a figyelmet: ez az adatb\u00e1zis minden val\u00f3sz\u00edn\u0171s\u00e9g szerint az USA v\u00e1rosai felt\u00e9rk\u00e9pez\u00e9s\u00e9nek eredm\u00e9nye, ha nem is kiz\u00e1r\u00f3lagosan, de nagy r\u00e9sze eg\u00e9szen biztosan USA telep\u00fcl\u00e9s.<\/p>\n","protected":false},"excerpt":{"rendered":"<p>A c\u00edmben szerepl\u0151 r\u00f6vid\u00edt\u00e9s az Electronic Frontier Foundation megnevez\u00e9st takarja. Ez az alap\u00edtv\u00e1ny felismerte, hogy a titkos megfigyel\u00e9sek egyik \u00e9s legfontosabb ellenszere: a nyilv\u00e1noss\u00e1g. Napjainkban, amikor az egy\u00e9n mag\u00e1nszf\u00e9r\u00e1j\u00e1nak v\u00e9delme fokozott hangs\u00falyt kap, nagyon fontos tudni, hol figyelnek meg benn\u00fcnket, &hellip; <a href=\"http:\/\/pclos.janu.hu\/?p=3284\">Egy kattint\u00e1s ide a folytat\u00e1shoz&#8230;. <span class=\"meta-nav\">&rarr;<\/span><\/a><\/p>\n","protected":false},"author":1,"featured_media":0,"comment_status":"open","ping_status":"closed","sticky":false,"template":"","format":"standard","meta":{"footnotes":""},"categories":[5],"tags":[333,346],"class_list":["post-3284","post","type-post","status-publish","format-standard","hentry","category-magazin","tag-333","tag-elektronikus-megfigyeles"],"_links":{"self":[{"href":"http:\/\/pclos.janu.hu\/index.php?rest_route=\/wp\/v2\/posts\/3284","targetHints":{"allow":["GET"]}}],"collection":[{"href":"http:\/\/pclos.janu.hu\/index.php?rest_route=\/wp\/v2\/posts"}],"about":[{"href":"http:\/\/pclos.janu.hu\/index.php?rest_route=\/wp\/v2\/types\/post"}],"author":[{"embeddable":true,"href":"http:\/\/pclos.janu.hu\/index.php?rest_route=\/wp\/v2\/users\/1"}],"replies":[{"embeddable":true,"href":"http:\/\/pclos.janu.hu\/index.php?rest_route=%2Fwp%2Fv2%2Fcomments&post=3284"}],"version-history":[{"count":1,"href":"http:\/\/pclos.janu.hu\/index.php?rest_route=\/wp\/v2\/posts\/3284\/revisions"}],"predecessor-version":[{"id":3286,"href":"http:\/\/pclos.janu.hu\/index.php?rest_route=\/wp\/v2\/posts\/3284\/revisions\/3286"}],"wp:attachment":[{"href":"http:\/\/pclos.janu.hu\/index.php?rest_route=%2Fwp%2Fv2%2Fmedia&parent=3284"}],"wp:term":[{"taxonomy":"category","embeddable":true,"href":"http:\/\/pclos.janu.hu\/index.php?rest_route=%2Fwp%2Fv2%2Fcategories&post=3284"},{"taxonomy":"post_tag","embeddable":true,"href":"http:\/\/pclos.janu.hu\/index.php?rest_route=%2Fwp%2Fv2%2Ftags&post=3284"}],"curies":[{"name":"wp","href":"https:\/\/api.w.org\/{rel}","templated":true}]}}