{"id":3446,"date":"2021-05-11T06:38:31","date_gmt":"2021-05-11T04:38:31","guid":{"rendered":"http:\/\/pclos.janu.hu\/?p=3446"},"modified":"2021-05-11T06:38:31","modified_gmt":"2021-05-11T04:38:31","slug":"glabels-hasznalata-frissites","status":"publish","type":"post","link":"http:\/\/pclos.janu.hu\/?p=3446","title":{"rendered":"Glabels haszn\u00e1lata: friss\u00edt\u00e9s"},"content":{"rendered":"<p style=\"text-align: justify;\"><strong><span style=\"color: #008000;\">Meemaw<\/span><\/strong> meglepetve tapasztalta, hogy err\u0151l a kedves kis programr\u00f3l m\u00e1r nagyon r\u00e9g \u00edrt. Nem is jutott volna esz\u00e9be, ha nem lett volna sz\u00fcks\u00e9ge r\u00e1 egy alkalommal, amikor csak Windows-os g\u00e9p \u00e1llt rendelkez\u00e9s\u00e9re \u2013 pedig mennyivel egyszer\u0171bb lenne az \u00e9let Linux-szal (a szerkeszt\u0151 megjegyz\u00e9se: <em>\u00e9n is j\u00e1rtam \u00edgy egy t\u00e1bl\u00e1zatkezel\u00e9si probl\u00e9m\u00e1val<\/em>). \u00cdgy azt\u00e1n felfriss\u00edtette r\u00e9gebbi \u00edr\u00e1s\u00e1t: <!--more--><a href=\"http:\/\/pclos.janu.hu\/wp-content\/uploads\/2021\/05\/05_01_21_Glabel_update.pdf\" target=\"_blank\" rel=\"noopener\">Glabels haszn\u00e1lata: friss\u00edt\u00e9s<\/a>.<\/p>\n<p style=\"text-align: justify;\">A c\u00edmke gy\u00e1rt\u00e1s egyre elterjedtebb. Bizonyos mennyis\u00e9g alatt c\u00e9lszer\u0171bb, mint k\u00f6rlev\u00e9l bor\u00edt\u00e9kok nyomtat\u00e1sa (b\u00e1r ez <strong><span style=\"color: #003366;\">LibreOffice<\/span><\/strong>-ben sem kih\u00edv\u00e1s). Csak a megfelel\u0151 sz\u00e1m\u00fa, testre szabott c\u00edmk\u00e9t kell el\u0151\u00e1ll\u00edtani, kinyomtatni \u00e9s felragasztani a bor\u00edt\u00e9kokra. Vagy \u00e9ppen csomagokra \u2013 na, azt nem is lehet el\u0151nyomtatni, csak a c\u00edmke a megold\u00e1s. <strong><span style=\"color: #008000;\">Meemaw<\/span><\/strong> cikke nagy seg\u00edts\u00e9get ny\u00fajt a program k\u00f6nny\u0171 haszn\u00e1lat\u00e1hoz.<\/p>\n","protected":false},"excerpt":{"rendered":"<p>Meemaw meglepetve tapasztalta, hogy err\u0151l a kedves kis programr\u00f3l m\u00e1r nagyon r\u00e9g \u00edrt. Nem is jutott volna esz\u00e9be, ha nem lett volna sz\u00fcks\u00e9ge r\u00e1 egy alkalommal, amikor csak Windows-os g\u00e9p \u00e1llt rendelkez\u00e9s\u00e9re \u2013 pedig mennyivel egyszer\u0171bb lenne az \u00e9let Linux-szal &hellip; <a href=\"http:\/\/pclos.janu.hu\/?p=3446\">Egy kattint\u00e1s ide a folytat\u00e1shoz&#8230;. <span class=\"meta-nav\">&rarr;<\/span><\/a><\/p>\n","protected":false},"author":1,"featured_media":0,"comment_status":"open","ping_status":"closed","sticky":false,"template":"","format":"standard","meta":{"footnotes":""},"categories":[5],"tags":[351,356],"class_list":["post-3446","post","type-post","status-publish","format-standard","hentry","category-magazin","tag-351","tag-glabels"],"_links":{"self":[{"href":"http:\/\/pclos.janu.hu\/index.php?rest_route=\/wp\/v2\/posts\/3446","targetHints":{"allow":["GET"]}}],"collection":[{"href":"http:\/\/pclos.janu.hu\/index.php?rest_route=\/wp\/v2\/posts"}],"about":[{"href":"http:\/\/pclos.janu.hu\/index.php?rest_route=\/wp\/v2\/types\/post"}],"author":[{"embeddable":true,"href":"http:\/\/pclos.janu.hu\/index.php?rest_route=\/wp\/v2\/users\/1"}],"replies":[{"embeddable":true,"href":"http:\/\/pclos.janu.hu\/index.php?rest_route=%2Fwp%2Fv2%2Fcomments&post=3446"}],"version-history":[{"count":1,"href":"http:\/\/pclos.janu.hu\/index.php?rest_route=\/wp\/v2\/posts\/3446\/revisions"}],"predecessor-version":[{"id":3448,"href":"http:\/\/pclos.janu.hu\/index.php?rest_route=\/wp\/v2\/posts\/3446\/revisions\/3448"}],"wp:attachment":[{"href":"http:\/\/pclos.janu.hu\/index.php?rest_route=%2Fwp%2Fv2%2Fmedia&parent=3446"}],"wp:term":[{"taxonomy":"category","embeddable":true,"href":"http:\/\/pclos.janu.hu\/index.php?rest_route=%2Fwp%2Fv2%2Fcategories&post=3446"},{"taxonomy":"post_tag","embeddable":true,"href":"http:\/\/pclos.janu.hu\/index.php?rest_route=%2Fwp%2Fv2%2Ftags&post=3446"}],"curies":[{"name":"wp","href":"https:\/\/api.w.org\/{rel}","templated":true}]}}