{"id":3705,"date":"2022-05-18T19:42:24","date_gmt":"2022-05-18T17:42:24","guid":{"rendered":"http:\/\/pclos.janu.hu\/?p=3705"},"modified":"2022-05-18T19:43:15","modified_gmt":"2022-05-18T17:43:15","slug":"firefox-beallitasok-a-jobb-online-szemelyi-adatvedelemert","status":"publish","type":"post","link":"http:\/\/pclos.janu.hu\/?p=3705","title":{"rendered":"Firefox be\u00e1ll\u00edt\u00e1sok a jobb online szem\u00e9lyi adatv\u00e9delem\u00e9rt"},"content":{"rendered":"<p style=\"text-align: justify;\">A <span style=\"color: #ff00ff;\"><strong>FireFox<\/strong><\/span> \u00fajabb verzi\u00f3i minden alkalommal nem \u00e9ppem kellemes meglepet\u00e9sekkel szolg\u00e1lnak. A leg\u00fajabb kialak\u00edt\u00e1sban sz\u00fcks\u00e9ges a priv\u00e1t szf\u00e9ra be\u00e1ll\u00edt\u00e1s\u00e1nak pontos\u00edt\u00e1sa. A <span style=\"color: #3366ff;\"><strong>Magazine<\/strong><\/span> \u00e1tvette a <span style=\"color: #000080;\"><strong>Privacy International<\/strong><\/span> ezzel kapcsolatos cikk\u00e9t: <!--more--><a href=\"http:\/\/pclos.janu.hu\/wp-content\/uploads\/2022\/05\/05_03_22_FF_beallitas_privat.pdf\" target=\"_blank\" rel=\"noopener\">Firefox be\u00e1ll\u00edt\u00e1sok a jobb online szem\u00e9lyi adatv\u00e9delem\u00e9rt<\/a>. Ez az ut\u00e1nk\u00f6zl\u00e9s k\u00e9perny\u0151 felv\u00e9telekkel illusztr\u00e1lja a be\u00e1ll\u00edt\u00e1sok v\u00e1ltoztat\u00e1s\u00e1t. Adataink v\u00e9delm\u00e9\u00e9rt mindenk\u00e9ppen tan\u00e1csos ezeket a be\u00e1ll\u00edt\u00e1sokat v\u00e9grehajtani.<\/p>\n","protected":false},"excerpt":{"rendered":"<p>A FireFox \u00fajabb verzi\u00f3i minden alkalommal nem \u00e9ppem kellemes meglepet\u00e9sekkel szolg\u00e1lnak. A leg\u00fajabb kialak\u00edt\u00e1sban sz\u00fcks\u00e9ges a priv\u00e1t szf\u00e9ra be\u00e1ll\u00edt\u00e1s\u00e1nak pontos\u00edt\u00e1sa. A Magazine \u00e1tvette a Privacy International ezzel kapcsolatos cikk\u00e9t:<\/p>\n","protected":false},"author":1,"featured_media":0,"comment_status":"open","ping_status":"closed","sticky":false,"template":"","format":"standard","meta":{"footnotes":""},"categories":[5],"tags":[368,300,148],"class_list":["post-3705","post","type-post","status-publish","format-standard","hentry","category-magazin","tag-368","tag-adatvedelem","tag-firefox"],"_links":{"self":[{"href":"http:\/\/pclos.janu.hu\/index.php?rest_route=\/wp\/v2\/posts\/3705","targetHints":{"allow":["GET"]}}],"collection":[{"href":"http:\/\/pclos.janu.hu\/index.php?rest_route=\/wp\/v2\/posts"}],"about":[{"href":"http:\/\/pclos.janu.hu\/index.php?rest_route=\/wp\/v2\/types\/post"}],"author":[{"embeddable":true,"href":"http:\/\/pclos.janu.hu\/index.php?rest_route=\/wp\/v2\/users\/1"}],"replies":[{"embeddable":true,"href":"http:\/\/pclos.janu.hu\/index.php?rest_route=%2Fwp%2Fv2%2Fcomments&post=3705"}],"version-history":[{"count":2,"href":"http:\/\/pclos.janu.hu\/index.php?rest_route=\/wp\/v2\/posts\/3705\/revisions"}],"predecessor-version":[{"id":3708,"href":"http:\/\/pclos.janu.hu\/index.php?rest_route=\/wp\/v2\/posts\/3705\/revisions\/3708"}],"wp:attachment":[{"href":"http:\/\/pclos.janu.hu\/index.php?rest_route=%2Fwp%2Fv2%2Fmedia&parent=3705"}],"wp:term":[{"taxonomy":"category","embeddable":true,"href":"http:\/\/pclos.janu.hu\/index.php?rest_route=%2Fwp%2Fv2%2Fcategories&post=3705"},{"taxonomy":"post_tag","embeddable":true,"href":"http:\/\/pclos.janu.hu\/index.php?rest_route=%2Fwp%2Fv2%2Ftags&post=3705"}],"curies":[{"name":"wp","href":"https:\/\/api.w.org\/{rel}","templated":true}]}}