{"id":3793,"date":"2022-10-08T18:46:47","date_gmt":"2022-10-08T16:46:47","guid":{"rendered":"http:\/\/pclos.janu.hu\/?p=3793"},"modified":"2022-10-08T18:55:21","modified_gmt":"2022-10-08T16:55:21","slug":"vedd-meg-a-postafiokodat-duckduckgo-email-protection-beta-elerheto","status":"publish","type":"post","link":"http:\/\/pclos.janu.hu\/?p=3793","title":{"rendered":"V\u00e9dd meg a postafi\u00f3kodat: DuckDuckGo Email Protection Beta el\u00e9rhet\u00f6"},"content":{"rendered":"<p style=\"text-align: justify;\">Ami azt illeti, a k\u00edberb\u0171n\u00f6z\u00e9s legr\u00e9gebbi c\u00e9lpontja a vil\u00e1gh\u00e1l\u00f3 levelez\u00e9se.<\/p>\n<blockquote><p>Miel\u0151tt b\u00e1rki megjegyz\u00e9st tenne: a magam r\u00e9sz\u00e9r\u0151l a k\u00edberb\u0171n\u00f6z\u00e9s r\u00e9sz\u00e9nek tekintem a k\u00e9retlen rekl\u00e1mokat is! a szerkeszt\u0151<\/p><\/blockquote>\n<p style=\"text-align: justify;\">Sz\u00e1mos alkalmaz\u00e1s sz\u00fcletett m\u00e1r a mag\u00e1nszf\u00e9ra v\u00e9delm\u00e9re, a k\u00e9retlen levelek c\u00e9lbajut\u00e1s\u00e1nak megakad\u00e1lyoz\u00e1s\u00e1ra \u2013 ideig-\u00f3r\u00e1ig sikert el\u00e9rve.<\/p>\n<p style=\"text-align: justify;\">A <span style=\"color: #808000;\"><strong>Duck-Dick-Go<\/strong><\/span> most egy olyan megold\u00e1ssal \u00e1llt el\u0151, ami val\u00f3sz\u00edn\u0171leg tart\u00f3s megold\u00e1st ny\u00fajt a mag\u00e1nszf\u00e9ra eme szelet\u00e9nek v\u00e9delm\u00e9re: <!--more--><a href=\"http:\/\/pclos.janu.hu\/wp-content\/uploads\/2022\/10\/10_03_22_DDG_email_prot.pdf\" target=\"_blank\" rel=\"noopener\">V\u00e9dd meg a postafi\u00f3kodat: DuckDuckGo Email Protection Beta el\u00e9rhet\u00f6<\/a>. Az ismertetett megold\u00e1s tulajdonk\u00e9ppen nem \u00faj: egy \u201etrambulin\u201d e-mail c\u00edm haszn\u00e1lata, amin a sz\u0171r\u0151 feladatokat is ell\u00e1tj\u00e1k. \u00c9rdemes a cikket nemcsak elolvasni, hanem a le\u00edrtakat kipr\u00f3b\u00e1lni. A \u00df-v\u00e1ltozatt\u00f3l nem kell megijedni, most a kipr\u00f3b\u00e1l\u00e1s t\u00f6meges szakasz\u00e1ba \u00e9rt a fejleszt\u00e9s, v\u00e1rj\u00e1k a felhaszn\u00e1l\u00f3i visszajelz\u00e9seket.<\/p>\n","protected":false},"excerpt":{"rendered":"<p>Ami azt illeti, a k\u00edberb\u0171n\u00f6z\u00e9s legr\u00e9gebbi c\u00e9lpontja a vil\u00e1gh\u00e1l\u00f3 levelez\u00e9se. Miel\u0151tt b\u00e1rki megjegyz\u00e9st tenne: a magam r\u00e9sz\u00e9r\u0151l a k\u00edberb\u0171n\u00f6z\u00e9s r\u00e9sz\u00e9nek tekintem a k\u00e9retlen rekl\u00e1mokat is! a szerkeszt\u0151 Sz\u00e1mos alkalmaz\u00e1s sz\u00fcletett m\u00e1r a mag\u00e1nszf\u00e9ra v\u00e9delm\u00e9re, a k\u00e9retlen levelek c\u00e9lbajut\u00e1s\u00e1nak megakad\u00e1lyoz\u00e1s\u00e1ra \u2013 &hellip; <a href=\"http:\/\/pclos.janu.hu\/?p=3793\">Egy kattint\u00e1s ide a folytat\u00e1shoz&#8230;. <span class=\"meta-nav\">&rarr;<\/span><\/a><\/p>\n","protected":false},"author":1,"featured_media":0,"comment_status":"open","ping_status":"closed","sticky":false,"template":"","format":"standard","meta":{"footnotes":""},"categories":[5],"tags":[368,132,115],"class_list":["post-3793","post","type-post","status-publish","format-standard","hentry","category-magazin","tag-368","tag-bongeszo","tag-e-mail"],"_links":{"self":[{"href":"http:\/\/pclos.janu.hu\/index.php?rest_route=\/wp\/v2\/posts\/3793","targetHints":{"allow":["GET"]}}],"collection":[{"href":"http:\/\/pclos.janu.hu\/index.php?rest_route=\/wp\/v2\/posts"}],"about":[{"href":"http:\/\/pclos.janu.hu\/index.php?rest_route=\/wp\/v2\/types\/post"}],"author":[{"embeddable":true,"href":"http:\/\/pclos.janu.hu\/index.php?rest_route=\/wp\/v2\/users\/1"}],"replies":[{"embeddable":true,"href":"http:\/\/pclos.janu.hu\/index.php?rest_route=%2Fwp%2Fv2%2Fcomments&post=3793"}],"version-history":[{"count":3,"href":"http:\/\/pclos.janu.hu\/index.php?rest_route=\/wp\/v2\/posts\/3793\/revisions"}],"predecessor-version":[{"id":3797,"href":"http:\/\/pclos.janu.hu\/index.php?rest_route=\/wp\/v2\/posts\/3793\/revisions\/3797"}],"wp:attachment":[{"href":"http:\/\/pclos.janu.hu\/index.php?rest_route=%2Fwp%2Fv2%2Fmedia&parent=3793"}],"wp:term":[{"taxonomy":"category","embeddable":true,"href":"http:\/\/pclos.janu.hu\/index.php?rest_route=%2Fwp%2Fv2%2Fcategories&post=3793"},{"taxonomy":"post_tag","embeddable":true,"href":"http:\/\/pclos.janu.hu\/index.php?rest_route=%2Fwp%2Fv2%2Ftags&post=3793"}],"curies":[{"name":"wp","href":"https:\/\/api.w.org\/{rel}","templated":true}]}}