{"id":3836,"date":"2023-01-14T20:06:12","date_gmt":"2023-01-14T19:06:12","guid":{"rendered":"http:\/\/pclos.janu.hu\/?p=3836"},"modified":"2023-01-15T04:26:52","modified_gmt":"2023-01-15T03:26:52","slug":"linux-terminal-hasznalata-fajlkezelokent","status":"publish","type":"post","link":"http:\/\/pclos.janu.hu\/?p=3836","title":{"rendered":"Linux-termin\u00e1l haszn\u00e1lata f\u00e1jlkezel\u00f6k\u00e9nt"},"content":{"rendered":"<p style=\"text-align: justify;\">Nemr\u00e9giben jelent meg a <span style=\"color: #3366ff;\">Micro$oft<\/span> \u201ebeismer\u00e9se\u201d, miszerint a <em>passzi\u00e1nsz<\/em>t \u00e9s az <em>aknakeres\u0151<\/em>t az\u00e9rt \u00e9p\u00edtett\u00e9k be a <span style=\"color: #3366ff;\">Windows<\/span>-ba, hogy az emberek hozz\u00e1szokjanak a grafikus k\u00f6rnyezethez \u00e9s az eg\u00e9r haszn\u00e1lat\u00e1hoz. Nos, ez olyan j\u00f3l siker\u00fclt, hogy ma m\u00e1r elk\u00e9pzelhetetlen alkalmaz\u00e1s grafikus megjelen\u00e9s \u00e9s eg\u00e9rhaszn\u00e1lat n\u00e9lk\u00fcl. Ek\u00f6zben lassan teljesen elfelejtett\u00fck a termin\u00e1l haszn\u00e1lat\u00e1t \u2013 pedig az oper\u00e1ci\u00f3s rendszerrel k\u00f6zvetlen kapcsolatot igaz\u00e1n a termin\u00e1l(ok)on lehet tartani. <strong><span style=\"color: #0000ff;\">Seth Kenlon<\/span><\/strong> <a href=\"https:\/\/opensource.com\/tags\/command-line\" target=\"_blank\" rel=\"noopener\"><span style=\"color: #008080;\">Opensource.com<\/span><\/a>-on megjelent cikk\u00e9nek m\u00e1sodk\u00f6zl\u00e9se jelent meg a Magazine-ban: <!--more--><a href=\"http:\/\/pclos.janu.hu\/wp-content\/uploads\/2023\/01\/01_01_23_Term_f_mant.pdf\" target=\"_blank\" rel=\"noopener\">Linux-termin\u00e1l haszn\u00e1lata f\u00e1jlkezel\u00f6k\u00e9nt<\/a>. Az eg\u00e9szen alapvet\u0151 parancsok ismertet\u00e9se sz\u00e1mos lehet\u0151s\u00e9get mutat be. M\u00e9g azok sz\u00e1m\u00e1ra is tartalmazhat \u00fajdons\u00e1got, akik egy\u00e9bk\u00e9nt rendszeresen dolgoznak termin\u00e1lon (is).<\/p>\n<blockquote>\n<p style=\"text-align: justify;\">A szerkeszt\u0151s\u00e9g\u00fcnkben kisebb besz\u00e9lget\u00e9s alakult ki arr\u00f3l, hogy lek\u00f6z\u00f6lj\u00fck-e a cikket, mivel nagyon alapszint\u0171 ismertet\u00e9s. A k\u00f6zl\u00e9s mellett sz\u00f3lt az is, hogy gyakorl\u00f3 termin\u00e1l haszn\u00e1l\u00f3k\u00e9nt is tal\u00e1ltunk benne eddig nem haszn\u00e1lt, nem is ismert lehet\u0151s\u00e9get.<\/p>\n<\/blockquote>\n","protected":false},"excerpt":{"rendered":"<p>Nemr\u00e9giben jelent meg a Micro$oft \u201ebeismer\u00e9se\u201d, miszerint a passzi\u00e1nszt \u00e9s az aknakeres\u0151t az\u00e9rt \u00e9p\u00edtett\u00e9k be a Windows-ba, hogy az emberek hozz\u00e1szokjanak a grafikus k\u00f6rnyezethez \u00e9s az eg\u00e9r haszn\u00e1lat\u00e1hoz. Nos, ez olyan j\u00f3l siker\u00fclt, hogy ma m\u00e1r elk\u00e9pzelhetetlen alkalmaz\u00e1s grafikus megjelen\u00e9s &hellip; <a href=\"http:\/\/pclos.janu.hu\/?p=3836\">Egy kattint\u00e1s ide a folytat\u00e1shoz&#8230;. <span class=\"meta-nav\">&rarr;<\/span><\/a><\/p>\n","protected":false},"author":1,"featured_media":0,"comment_status":"open","ping_status":"closed","sticky":false,"template":"","format":"standard","meta":{"footnotes":""},"categories":[5],"tags":[389,19],"class_list":["post-3836","post","type-post","status-publish","format-standard","hentry","category-magazin","tag-389","tag-terminal"],"_links":{"self":[{"href":"http:\/\/pclos.janu.hu\/index.php?rest_route=\/wp\/v2\/posts\/3836","targetHints":{"allow":["GET"]}}],"collection":[{"href":"http:\/\/pclos.janu.hu\/index.php?rest_route=\/wp\/v2\/posts"}],"about":[{"href":"http:\/\/pclos.janu.hu\/index.php?rest_route=\/wp\/v2\/types\/post"}],"author":[{"embeddable":true,"href":"http:\/\/pclos.janu.hu\/index.php?rest_route=\/wp\/v2\/users\/1"}],"replies":[{"embeddable":true,"href":"http:\/\/pclos.janu.hu\/index.php?rest_route=%2Fwp%2Fv2%2Fcomments&post=3836"}],"version-history":[{"count":3,"href":"http:\/\/pclos.janu.hu\/index.php?rest_route=\/wp\/v2\/posts\/3836\/revisions"}],"predecessor-version":[{"id":3843,"href":"http:\/\/pclos.janu.hu\/index.php?rest_route=\/wp\/v2\/posts\/3836\/revisions\/3843"}],"wp:attachment":[{"href":"http:\/\/pclos.janu.hu\/index.php?rest_route=%2Fwp%2Fv2%2Fmedia&parent=3836"}],"wp:term":[{"taxonomy":"category","embeddable":true,"href":"http:\/\/pclos.janu.hu\/index.php?rest_route=%2Fwp%2Fv2%2Fcategories&post=3836"},{"taxonomy":"post_tag","embeddable":true,"href":"http:\/\/pclos.janu.hu\/index.php?rest_route=%2Fwp%2Fv2%2Ftags&post=3836"}],"curies":[{"name":"wp","href":"https:\/\/api.w.org\/{rel}","templated":true}]}}