{"id":3919,"date":"2023-04-09T11:52:22","date_gmt":"2023-04-09T09:52:22","guid":{"rendered":"http:\/\/pclos.janu.hu\/?p=3919"},"modified":"2023-04-09T11:52:22","modified_gmt":"2023-04-09T09:52:22","slug":"kibovitett-valasztek-appimage-es-flatpak-csomagok","status":"publish","type":"post","link":"http:\/\/pclos.janu.hu\/?p=3919","title":{"rendered":"Kib\u00f6v\u00edtett v\u00e1laszt\u00e9k: AppImage- \u00e9s Flatpak-csomagok"},"content":{"rendered":"<p style=\"text-align: justify;\">Nagyon b\u0151 a v\u00e1laszt\u00e9k a <span style=\"color: #3366ff;\"><strong>PCLinuxOS<\/strong><\/span> t\u00e1rol\u00f3j\u00e1ban. M\u00e9gis el\u0151fordulhat, hogy az \u00e9pp a k\u00edv\u00e1nt csomag nem tal\u00e1lhat\u00f3 benne. A stoppol\u00e1s \u00e9s mergel\u0151d\u00e9s helyett \u00e9rdemes elolvasni <span style=\"color: #993300;\"><strong>parnote<\/strong> <\/span>cikk\u00e9t:<!--more--> <a href=\"http:\/\/pclos.janu.hu\/wp-content\/uploads\/2023\/04\/04_02_23_appimage_flatpak.pdf\">Kib\u00f6v\u00edtett v\u00e1laszt\u00e9k: AppImage- \u00e9s Flatpak-csomagok<\/a>.<br \/>\nA szerz\u0151 a maga b\u0151besz\u00e9d\u0171s\u00e9g\u00e9vel r\u00e9szletesen taglalja az idegen csomagok telep\u00edt\u00e9s\u00e9nek vesz\u00e9ly\u00e9t, \u00e9rdemes megfogadni tan\u00e1csait. Ezt k\u00f6vet\u0151en a k\u00e9t csomag megold\u00e1s r\u00e9szleteir\u0151l \u00edr. Felsorolja az \u00e1ltalal ismert, biztons\u00e1gosan telep\u00edthet\u0151 AppImage csomagokat, bemutatja a telep\u00edt\u00e9s l\u00e9p\u00e9seit.<br \/>\nUgyanezt a Flatpak eset\u00e9ben nem ilyen r\u00e9szletesen t\u00e1rgyalja, tal\u00e1n az\u00e9rt is, mert a Flatpak telep\u00edt\u00e9se \u00e9s haszn\u00e1lata kicsit m\u00e1s.<br \/>\nDe legjobb CSAK a PCLinuxOS t\u00e1rol\u00f3j\u00e1b\u00f3l telep\u00edteni. Mer\u00e9szebbek k\u00eds\u00e9rletet tehetnek a forr\u00e1sb\u00f3l val\u00f3 telep\u00edt\u00e9sre.<\/p>\n","protected":false},"excerpt":{"rendered":"<p>Nagyon b\u0151 a v\u00e1laszt\u00e9k a PCLinuxOS t\u00e1rol\u00f3j\u00e1ban. M\u00e9gis el\u0151fordulhat, hogy az \u00e9pp a k\u00edv\u00e1nt csomag nem tal\u00e1lhat\u00f3 benne. A stoppol\u00e1s \u00e9s mergel\u0151d\u00e9s helyett \u00e9rdemes elolvasni parnote cikk\u00e9t:<\/p>\n","protected":false},"author":1,"featured_media":0,"comment_status":"open","ping_status":"closed","sticky":false,"template":"","format":"standard","meta":{"footnotes":""},"categories":[5],"tags":[389,396,397],"class_list":["post-3919","post","type-post","status-publish","format-standard","hentry","category-magazin","tag-389","tag-appimage","tag-flatpak"],"_links":{"self":[{"href":"http:\/\/pclos.janu.hu\/index.php?rest_route=\/wp\/v2\/posts\/3919","targetHints":{"allow":["GET"]}}],"collection":[{"href":"http:\/\/pclos.janu.hu\/index.php?rest_route=\/wp\/v2\/posts"}],"about":[{"href":"http:\/\/pclos.janu.hu\/index.php?rest_route=\/wp\/v2\/types\/post"}],"author":[{"embeddable":true,"href":"http:\/\/pclos.janu.hu\/index.php?rest_route=\/wp\/v2\/users\/1"}],"replies":[{"embeddable":true,"href":"http:\/\/pclos.janu.hu\/index.php?rest_route=%2Fwp%2Fv2%2Fcomments&post=3919"}],"version-history":[{"count":1,"href":"http:\/\/pclos.janu.hu\/index.php?rest_route=\/wp\/v2\/posts\/3919\/revisions"}],"predecessor-version":[{"id":3921,"href":"http:\/\/pclos.janu.hu\/index.php?rest_route=\/wp\/v2\/posts\/3919\/revisions\/3921"}],"wp:attachment":[{"href":"http:\/\/pclos.janu.hu\/index.php?rest_route=%2Fwp%2Fv2%2Fmedia&parent=3919"}],"wp:term":[{"taxonomy":"category","embeddable":true,"href":"http:\/\/pclos.janu.hu\/index.php?rest_route=%2Fwp%2Fv2%2Fcategories&post=3919"},{"taxonomy":"post_tag","embeddable":true,"href":"http:\/\/pclos.janu.hu\/index.php?rest_route=%2Fwp%2Fv2%2Ftags&post=3919"}],"curies":[{"name":"wp","href":"https:\/\/api.w.org\/{rel}","templated":true}]}}