{"id":4021,"date":"2023-10-08T04:28:03","date_gmt":"2023-10-08T02:28:03","guid":{"rendered":"http:\/\/pclos.janu.hu\/?p=4021"},"modified":"2023-10-08T04:28:03","modified_gmt":"2023-10-08T02:28:03","slug":"13-nyelven-elerheto-a-mylive-install-sugoja","status":"publish","type":"post","link":"http:\/\/pclos.janu.hu\/?p=4021","title":{"rendered":"13 nyelven el\u00e9rhet\u00f6 a mylive-install s\u00fag\u00f3ja"},"content":{"rendered":"<p style=\"text-align: justify;\">\u00c9veken kereszt\u00fcl a <strong><span style=\"color: #3366ff;\">PCLinuxOS<\/span><\/strong> telep\u00edt\u0151je a Mandriv\u00e1-b\u00f3l eredeztetett \u201edraklive-install\u201d-t futtatta. A disztrib\u00faci\u00f3 fejleszt\u0151je el\u00e9rkezettnek l\u00e1tta a megold\u00e1s \u00faj\u00edt\u00e1s\u00e1t, \u00e9s az augusztusi terjeszt\u00e9sben m\u00e1r a \u201e<em>mylive-install<\/em>\u201d ker\u00fclt. A cikk szerz\u0151je, <strong><span style=\"color: #0000ff;\">kalwisti<\/span><\/strong>, k\u00e9sz\u00edtett egy help f\u00e1jl-t (nagyon nem szeretem a \u201es\u00fag\u00f3\u201d kifejez\u00e9st!), seg\u00edtend\u0151 a telep\u00edt\u00e9sre v\u00e1llalkoz\u00f3k munk\u00e1j\u00e1t. Az angol nyelv\u0171 le\u00edr\u00e1st \u00f6nk\u00e9ntesek leford\u00edtott\u00e1k saj\u00e1t nyelv\u00fckre (ilyen jelenleg 5 van, magyar nincs k\u00f6zt\u00fck), ennek kapcs\u00e1n <strong><span style=\"color: #0000ff;\">kalwisti<\/span><\/strong> \u00f6sszehasonl\u00edtotta a DeepL Translator \u00e9s a Google Translator programokat: <!--more--><a href=\"http:\/\/pclos.janu.hu\/wp-content\/uploads\/2023\/10\/10_01_23_Myliveinstall_lang.pdf\">13 nyelven el\u00e9rhet\u00f6 a mylive-install s\u00fag\u00f3ja<\/a>. Figyelembe v\u00e9ve azt, hogy a g\u00e9pi ford\u00edt\u00e1s milyen neh\u00e9zs\u00e9geket, f\u00e9lre\u00e9rt\u00e9seket tartalmazhat, ez akkor is igen j\u00f3 eredm\u00e9nyt mutat fel, ha az \u201eut\u00f3muk\u00e1latok\u201d n\u00e9ha t\u00f6bb id\u0151t ig\u00e9nyelnek.<\/p>\n","protected":false},"excerpt":{"rendered":"<p>\u00c9veken kereszt\u00fcl a PCLinuxOS telep\u00edt\u0151je a Mandriv\u00e1-b\u00f3l eredeztetett \u201edraklive-install\u201d-t futtatta. A disztrib\u00faci\u00f3 fejleszt\u0151je el\u00e9rkezettnek l\u00e1tta a megold\u00e1s \u00faj\u00edt\u00e1s\u00e1t, \u00e9s az augusztusi terjeszt\u00e9sben m\u00e1r a \u201emylive-install\u201d ker\u00fclt. A cikk szerz\u0151je, kalwisti, k\u00e9sz\u00edtett egy help f\u00e1jl-t (nagyon nem szeretem a \u201es\u00fag\u00f3\u201d kifejez\u00e9st!), &hellip; <a href=\"http:\/\/pclos.janu.hu\/?p=4021\">Egy kattint\u00e1s ide a folytat\u00e1shoz&#8230;. <span class=\"meta-nav\">&rarr;<\/span><\/a><\/p>\n","protected":false},"author":1,"featured_media":0,"comment_status":"open","ping_status":"closed","sticky":false,"template":"","format":"standard","meta":{"footnotes":""},"categories":[5],"tags":[389,61],"class_list":["post-4021","post","type-post","status-publish","format-standard","hentry","category-magazin","tag-389","tag-installalas"],"_links":{"self":[{"href":"http:\/\/pclos.janu.hu\/index.php?rest_route=\/wp\/v2\/posts\/4021","targetHints":{"allow":["GET"]}}],"collection":[{"href":"http:\/\/pclos.janu.hu\/index.php?rest_route=\/wp\/v2\/posts"}],"about":[{"href":"http:\/\/pclos.janu.hu\/index.php?rest_route=\/wp\/v2\/types\/post"}],"author":[{"embeddable":true,"href":"http:\/\/pclos.janu.hu\/index.php?rest_route=\/wp\/v2\/users\/1"}],"replies":[{"embeddable":true,"href":"http:\/\/pclos.janu.hu\/index.php?rest_route=%2Fwp%2Fv2%2Fcomments&post=4021"}],"version-history":[{"count":1,"href":"http:\/\/pclos.janu.hu\/index.php?rest_route=\/wp\/v2\/posts\/4021\/revisions"}],"predecessor-version":[{"id":4023,"href":"http:\/\/pclos.janu.hu\/index.php?rest_route=\/wp\/v2\/posts\/4021\/revisions\/4023"}],"wp:attachment":[{"href":"http:\/\/pclos.janu.hu\/index.php?rest_route=%2Fwp%2Fv2%2Fmedia&parent=4021"}],"wp:term":[{"taxonomy":"category","embeddable":true,"href":"http:\/\/pclos.janu.hu\/index.php?rest_route=%2Fwp%2Fv2%2Fcategories&post=4021"},{"taxonomy":"post_tag","embeddable":true,"href":"http:\/\/pclos.janu.hu\/index.php?rest_route=%2Fwp%2Fv2%2Ftags&post=4021"}],"curies":[{"name":"wp","href":"https:\/\/api.w.org\/{rel}","templated":true}]}}