{"id":4121,"date":"2024-02-16T11:30:21","date_gmt":"2024-02-16T10:30:21","guid":{"rendered":"http:\/\/pclos.janu.hu\/?p=4121"},"modified":"2024-02-16T11:42:27","modified_gmt":"2024-02-16T10:42:27","slug":"kepek-atmeretezese-atdolgozva","status":"publish","type":"post","link":"http:\/\/pclos.janu.hu\/?p=4121","title":{"rendered":"K\u00e9pek \u00e1tm\u00e9retez\u00e9se \u2013 \u00e1tdolgozva"},"content":{"rendered":"<p style=\"text-align: justify;\">A <span style=\"color: #3366ff;\"><strong>PCLinuxOS Magazine<\/strong><\/span> f\u00f3szerkeszt\u0151je, <span style=\"color: #993300;\"><strong>parnote<\/strong><\/span>, sokat dolgozik k\u00e9pf\u00e1jlokkal \u00fagy, hogy azokat \u00e1ltal\u00e1ban \u00e1t kell m\u00e9reteznie. \u0150 is azon a v\u00e9lem\u00e9nyen van, hogy \u201eink\u00e1bb a sz\u00e1m\u00edt\u00f3g\u00e9p dolgozzon, mint \u00e9n\u201d, ez\u00e9rt sok \u00e9vvel ezel\u0151tt \u00edrt egy erre haszn\u00e1lhat\u00f3 bash szkriptet. Most \u00e1tdolgozta ezt n\u00e9h\u00e1ny \u00faj tulajdons\u00e1ggal felszerelve:<!--more--> <a href=\"http:\/\/pclos.janu.hu\/wp-content\/uploads\/2024\/02\/02_01_24_Image_resize.pdf\" target=\"_blank\" rel=\"noopener\">k\u00e9pek \u00e1tm\u00e9retez\u00e9se &#8211; \u00e1tdolgozva<\/a>.<\/p>\n<p style=\"text-align: justify;\">Mivel <span style=\"color: #0000ff;\"><strong>Xfce<\/strong><\/span> grafikus fel\u00fcletet haszn\u00e1l, ez\u00e9rt az \u00f6n\u00e1ll\u00f3an futtathat\u00f3 v\u00e1ltozat mellett elk\u00e9sz\u00edtette a Thun\u00e1r f\u00e1jlkezel\u0151be parancsk\u00e9nt beilleszthet\u0151 v\u00e1ltozatot is. A szkriptek r\u00e9szletes ismertet\u00e9s\u00e9t cikk\u00e9ben olvashatjuk.<\/p>\n<p style=\"text-align: justify;\">Az emlitett szkriptek a let\u00f6lthet\u0151k: <a href=\"http:\/\/pclos.janu.hu\/wp-content\/uploads\/2024\/02\/02_01_24_Image_resize-hu.zip\">image-resize szkriptek<\/a><\/p>\n<p>&nbsp;<\/p>\n","protected":false},"excerpt":{"rendered":"<p>A PCLinuxOS Magazine f\u00f3szerkeszt\u0151je, parnote, sokat dolgozik k\u00e9pf\u00e1jlokkal \u00fagy, hogy azokat \u00e1ltal\u00e1ban \u00e1t kell m\u00e9reteznie. \u0150 is azon a v\u00e9lem\u00e9nyen van, hogy \u201eink\u00e1bb a sz\u00e1m\u00edt\u00f3g\u00e9p dolgozzon, mint \u00e9n\u201d, ez\u00e9rt sok \u00e9vvel ezel\u0151tt \u00edrt egy erre haszn\u00e1lhat\u00f3 bash szkriptet. Most \u00e1tdolgozta &hellip; <a href=\"http:\/\/pclos.janu.hu\/?p=4121\">Egy kattint\u00e1s ide a folytat\u00e1shoz&#8230;. <span class=\"meta-nav\">&rarr;<\/span><\/a><\/p>\n","protected":false},"author":1,"featured_media":0,"comment_status":"open","ping_status":"closed","sticky":false,"template":"","format":"standard","meta":{"footnotes":""},"categories":[5],"tags":[407,409],"class_list":["post-4121","post","type-post","status-publish","format-standard","hentry","category-magazin","tag-407","tag-image"],"_links":{"self":[{"href":"http:\/\/pclos.janu.hu\/index.php?rest_route=\/wp\/v2\/posts\/4121","targetHints":{"allow":["GET"]}}],"collection":[{"href":"http:\/\/pclos.janu.hu\/index.php?rest_route=\/wp\/v2\/posts"}],"about":[{"href":"http:\/\/pclos.janu.hu\/index.php?rest_route=\/wp\/v2\/types\/post"}],"author":[{"embeddable":true,"href":"http:\/\/pclos.janu.hu\/index.php?rest_route=\/wp\/v2\/users\/1"}],"replies":[{"embeddable":true,"href":"http:\/\/pclos.janu.hu\/index.php?rest_route=%2Fwp%2Fv2%2Fcomments&post=4121"}],"version-history":[{"count":3,"href":"http:\/\/pclos.janu.hu\/index.php?rest_route=\/wp\/v2\/posts\/4121\/revisions"}],"predecessor-version":[{"id":4126,"href":"http:\/\/pclos.janu.hu\/index.php?rest_route=\/wp\/v2\/posts\/4121\/revisions\/4126"}],"wp:attachment":[{"href":"http:\/\/pclos.janu.hu\/index.php?rest_route=%2Fwp%2Fv2%2Fmedia&parent=4121"}],"wp:term":[{"taxonomy":"category","embeddable":true,"href":"http:\/\/pclos.janu.hu\/index.php?rest_route=%2Fwp%2Fv2%2Fcategories&post=4121"},{"taxonomy":"post_tag","embeddable":true,"href":"http:\/\/pclos.janu.hu\/index.php?rest_route=%2Fwp%2Fv2%2Ftags&post=4121"}],"curies":[{"name":"wp","href":"https:\/\/api.w.org\/{rel}","templated":true}]}}