{"id":4167,"date":"2024-03-28T15:10:03","date_gmt":"2024-03-28T14:10:03","guid":{"rendered":"http:\/\/pclos.janu.hu\/?p=4167"},"modified":"2024-03-28T15:15:35","modified_gmt":"2024-03-28T14:15:35","slug":"a-7-zip-24-03-javitasokat-tartalmaz-a-linux-felhasznaloknak","status":"publish","type":"post","link":"http:\/\/pclos.janu.hu\/?p=4167","title":{"rendered":"A 7-Zip 24.03 jav\u00edt\u00e1sokat tartalmaz a Linux-felhaszn\u00e1l\u00f3knak"},"content":{"rendered":"<p><span style=\"text-decoration: underline;\">\u00cdrta<\/span>: Tim Sch\u00fcrmann<br \/>\nLinux Magazine online &#8211; 2024. m\u00e1rcius 28<\/p>\n<p style=\"text-align: justify;\">M\u00edg a 7-Zip <span style=\"color: #0000ff;\"><strong>Windows<\/strong><\/span>-os v\u00e1ltozata grafikus felhaszn\u00e1l\u00f3i fel\u00fclettel is el\u00e9rhet\u0151, <span style=\"color: #ff6600;\"><strong>Linux<\/strong><\/span> felhaszn\u00e1l\u00f3k sz\u00e1m\u00e1ra tov\u00e1bbra is csak a parancssori verzi\u00f3 l\u00e9tezik. Ez egy \u00faj RISCV-sz\u0171r\u0151t k\u00edn\u00e1l, ami jav\u00edtja a RISCV architekt\u00fara alap\u00fa futtathat\u00f3 f\u00e1jlok t\u00f6m\u00f6r\u00edt\u00e9si ar\u00e1ny\u00e1t.<!--more--><\/p>\n<p style=\"text-align: justify;\">A \u201e-smemx{size}g\u201d param\u00e9ter haszn\u00e1lhat\u00f3 a rendelkez\u00e9sre \u00e1ll\u00f3 mem\u00f3ria korl\u00e1toz\u00e1s\u00e1ra vagy n\u00f6vel\u00e9s\u00e9re a RAR-arch\u00edvumok kicsomagol\u00e1sakor. Erre p\u00e9ld\u00e1ul akkor van sz\u00fcks\u00e9g, ha egy RAR arch\u00edvum sz\u00f3t\u00e1ra el\u00e9ri a maxim\u00e1lisan megengedett 64 GB-os m\u00e9retet, \u00e9s ez\u00e9rt meghaladja a 7-Zip \u00e1ltal felt\u00e9telezett szabv\u00e1nyos 4 GB-ot.<\/p>\n<p style=\"text-align: justify;\">A \u201e-slmu\u201d param\u00e9ter haszn\u00e1lat\u00e1val a 7-Zip az id\u0151ket UTC form\u00e1tumban jelen\u00edti meg a helyi id\u0151 helyett. V\u00e9g\u00fcl a 7-Zip \u00fajra megnyithatja az ISO k\u00e9peket \u2013 ez a Z-Zip 24.02 hib\u00e1ja miatt nem volt lehets\u00e9ges.<\/p>\n<p style=\"text-align: justify;\">A 7-Zip 24.03 tov\u00e1bbra is b\u00e9ta verzi\u00f3k\u00e9nt van megjel\u00f6lve a honlapj\u00e1n. A 23.01-es verzi\u00f3 m\u00e9g mindig az utols\u00f3 stabil verzi\u00f3.<\/p>\n","protected":false},"excerpt":{"rendered":"<p>\u00cdrta: Tim Sch\u00fcrmann Linux Magazine online &#8211; 2024. m\u00e1rcius 28 M\u00edg a 7-Zip Windows-os v\u00e1ltozata grafikus felhaszn\u00e1l\u00f3i fel\u00fclettel is el\u00e9rhet\u0151, Linux felhaszn\u00e1l\u00f3k sz\u00e1m\u00e1ra tov\u00e1bbra is csak a parancssori verzi\u00f3 l\u00e9tezik. Ez egy \u00faj RISCV-sz\u0171r\u0151t k\u00edn\u00e1l, ami jav\u00edtja a RISCV architekt\u00fara &hellip; <a href=\"http:\/\/pclos.janu.hu\/?p=4167\">Egy kattint\u00e1s ide a folytat\u00e1shoz&#8230;. <span class=\"meta-nav\">&rarr;<\/span><\/a><\/p>\n","protected":false},"author":1,"featured_media":0,"comment_status":"open","ping_status":"closed","sticky":false,"template":"","format":"standard","meta":{"footnotes":""},"categories":[51],"tags":[407,413,414],"class_list":["post-4167","post","type-post","status-publish","format-standard","hentry","category-egyeb-irasok","tag-407","tag-7-zip","tag-tomorites"],"_links":{"self":[{"href":"http:\/\/pclos.janu.hu\/index.php?rest_route=\/wp\/v2\/posts\/4167","targetHints":{"allow":["GET"]}}],"collection":[{"href":"http:\/\/pclos.janu.hu\/index.php?rest_route=\/wp\/v2\/posts"}],"about":[{"href":"http:\/\/pclos.janu.hu\/index.php?rest_route=\/wp\/v2\/types\/post"}],"author":[{"embeddable":true,"href":"http:\/\/pclos.janu.hu\/index.php?rest_route=\/wp\/v2\/users\/1"}],"replies":[{"embeddable":true,"href":"http:\/\/pclos.janu.hu\/index.php?rest_route=%2Fwp%2Fv2%2Fcomments&post=4167"}],"version-history":[{"count":1,"href":"http:\/\/pclos.janu.hu\/index.php?rest_route=\/wp\/v2\/posts\/4167\/revisions"}],"predecessor-version":[{"id":4169,"href":"http:\/\/pclos.janu.hu\/index.php?rest_route=\/wp\/v2\/posts\/4167\/revisions\/4169"}],"wp:attachment":[{"href":"http:\/\/pclos.janu.hu\/index.php?rest_route=%2Fwp%2Fv2%2Fmedia&parent=4167"}],"wp:term":[{"taxonomy":"category","embeddable":true,"href":"http:\/\/pclos.janu.hu\/index.php?rest_route=%2Fwp%2Fv2%2Fcategories&post=4167"},{"taxonomy":"post_tag","embeddable":true,"href":"http:\/\/pclos.janu.hu\/index.php?rest_route=%2Fwp%2Fv2%2Ftags&post=4167"}],"curies":[{"name":"wp","href":"https:\/\/api.w.org\/{rel}","templated":true}]}}