{"id":4261,"date":"2024-08-04T06:02:31","date_gmt":"2024-08-04T04:02:31","guid":{"rendered":"http:\/\/pclos.janu.hu\/?p=4261"},"modified":"2024-08-04T06:02:51","modified_gmt":"2024-08-04T04:02:51","slug":"repo-mustra-gnu-texmacs","status":"publish","type":"post","link":"http:\/\/pclos.janu.hu\/?p=4261","title":{"rendered":"Repo Mustra: GNU TeXmacs"},"content":{"rendered":"<p align=\"justify\"><span style=\"font-size: large;\">A cikk a legelej\u00e9n tiszt\u00e1zza, hogy neve ellen\u00e9re a <em>TeXmacs<\/em> nem r\u00e9sze <span style=\"color: #ff0000;\"><strong>Donald E. Knuth<\/strong><\/span> <em>TeX<\/em> rendszer\u00e9nek, illetve <span style=\"color: #ff0000;\"><strong>Leslie Lamport<\/strong><\/span> <em>LaTeX<\/em> makr\u00f3gy\u00fcjtem\u00e9ny\u00e9nek, \u00e9s nincs k\u00f6zvetlen kapcsolata az Emacs-szal. A v\u00e9geredm\u00e9ny megjelen\u00e9se ugyanakkor egy j\u00f3 min\u0151s\u00e9g\u0171 pdf lesz.<\/span><!--more--><\/p>\n<p align=\"justify\"><span style=\"font-size: large;\">A programcsomag alapvet\u0151en matematikai k\u00e9pletek k\u00f6nny\u0171 \u201erajzol\u00e1s\u00e1ra\u201d (megjelen\u00edt\u00e9s\u00e9re) alkalmas a LaTeX jel\u00f6l\u0151i n\u00e9lk\u00fcl, b\u00e1r .tex form\u00e1tumba export\u00e1lhat\u00f3 (m\u00e1s form\u00e1tumokba is, pl. HTML). <span style=\"color: #0000ff;\"><strong>Kalwisti<\/strong><\/span> cikke nemcsak a t\u00f6rt\u00e9net\u00e9t \u00edrja le, hanem \u00fatmutat\u00e1st ad a <em>TeXmacs<\/em> haszn\u00e1lat\u00e1nak megkezd\u00e9s\u00e9hez: <\/span><span style=\"font-size: large;\"><a href=\"http:\/\/pclos.janu.hu\/wp-content\/uploads\/2024\/08\/08_03_24_RR_GNU_Tex_Macs.pdf\" target=\"_blank\" rel=\"noopener\">Repo Mustra: GNU TeXmacs<\/a>. Minden val\u00f3sz\u00edn\u0171s\u00e9g szerint helyes az a meg\u00e1llap\u00edt\u00e1s, hogy haszn\u00e1lata k\u00f6nnyen megtanulhat\u00f3 \u00e9s hamar \u00e9rhet\u0151 el l\u00e1tv\u00e1nyos eredm\u00e9ny. <\/span><\/p>\n","protected":false},"excerpt":{"rendered":"<p>A cikk a legelej\u00e9n tiszt\u00e1zza, hogy neve ellen\u00e9re a TeXmacs nem r\u00e9sze Donald E. Knuth TeX rendszer\u00e9nek, illetve Leslie Lamport LaTeX makr\u00f3gy\u00fcjtem\u00e9ny\u00e9nek, \u00e9s nincs k\u00f6zvetlen kapcsolata az Emacs-szal. A v\u00e9geredm\u00e9ny megjelen\u00e9se ugyanakkor egy j\u00f3 min\u0151s\u00e9g\u0171 pdf lesz.<\/p>\n","protected":false},"author":1,"featured_media":0,"comment_status":"open","ping_status":"closed","sticky":false,"template":"","format":"standard","meta":{"footnotes":""},"categories":[5],"tags":[407,100,420],"class_list":["post-4261","post","type-post","status-publish","format-standard","hentry","category-magazin","tag-407","tag-kiadvanyszerkeszto","tag-texmacs"],"_links":{"self":[{"href":"http:\/\/pclos.janu.hu\/index.php?rest_route=\/wp\/v2\/posts\/4261","targetHints":{"allow":["GET"]}}],"collection":[{"href":"http:\/\/pclos.janu.hu\/index.php?rest_route=\/wp\/v2\/posts"}],"about":[{"href":"http:\/\/pclos.janu.hu\/index.php?rest_route=\/wp\/v2\/types\/post"}],"author":[{"embeddable":true,"href":"http:\/\/pclos.janu.hu\/index.php?rest_route=\/wp\/v2\/users\/1"}],"replies":[{"embeddable":true,"href":"http:\/\/pclos.janu.hu\/index.php?rest_route=%2Fwp%2Fv2%2Fcomments&post=4261"}],"version-history":[{"count":2,"href":"http:\/\/pclos.janu.hu\/index.php?rest_route=\/wp\/v2\/posts\/4261\/revisions"}],"predecessor-version":[{"id":4266,"href":"http:\/\/pclos.janu.hu\/index.php?rest_route=\/wp\/v2\/posts\/4261\/revisions\/4266"}],"wp:attachment":[{"href":"http:\/\/pclos.janu.hu\/index.php?rest_route=%2Fwp%2Fv2%2Fmedia&parent=4261"}],"wp:term":[{"taxonomy":"category","embeddable":true,"href":"http:\/\/pclos.janu.hu\/index.php?rest_route=%2Fwp%2Fv2%2Fcategories&post=4261"},{"taxonomy":"post_tag","embeddable":true,"href":"http:\/\/pclos.janu.hu\/index.php?rest_route=%2Fwp%2Fv2%2Ftags&post=4261"}],"curies":[{"name":"wp","href":"https:\/\/api.w.org\/{rel}","templated":true}]}}