{"id":4267,"date":"2024-08-04T07:09:06","date_gmt":"2024-08-04T05:09:06","guid":{"rendered":"http:\/\/pclos.janu.hu\/?p=4267"},"modified":"2024-08-04T07:09:06","modified_gmt":"2024-08-04T05:09:06","slug":"heic-kepek-uj-grafikus-formatum-a-palyan","status":"publish","type":"post","link":"http:\/\/pclos.janu.hu\/?p=4267","title":{"rendered":"HEIC-k\u00e9pek: \u00faj grafikus form\u00e1tum a p\u00e1ly\u00e1n"},"content":{"rendered":"<p align=\"justify\"><span style=\"font-size: large;\">Hab\u00e1r a cikk \u00edr\u00f3ja, <span style=\"color: #993300;\"><strong>parnote<\/strong><\/span>, nem sz\u00edveli az \u201ei\u201d eszk\u00f6z\u00f6ket (iPhone, iPad), csal\u00e1di okokb\u00f3l szembe ker\u00fclt az \u00e1ltaluk haszn\u00e1latos k\u00e9pform\u00e1tummal, a HEIC-cel. Cikk\u00e9ben foglalkozik a <em>HEIC-f\u00e1jlok<\/em> tulajdons\u00e1g\u00e1val: <\/span><!--more--><span style=\"font-size: large;\"> <a href=\"http:\/\/pclos.janu.hu\/wp-content\/uploads\/2024\/08\/08_04_24_HEIC_uj_format.pdf\" target=\"_blank\" rel=\"noopener\">HEIC-k\u00e9pek: \u00faj grafikus form\u00e1tum a p\u00e1ly\u00e1n<\/a>. <\/span><span style=\"font-size: large;\">Ahhoz k\u00e9pest, hogy kor\u00e1bban nem foglalkozott vele, s\u0151t nem is ismerte, el\u00e9g lelkesen magyar\u00e1zza megjelen\u00edt\u00e9s\u00e9nek m\u00f3dj\u00e1t, ismerteti a Linux alatt m\u0171k\u00f6d\u0151 lehet\u0151s\u00e9geket.<\/span><\/p>\n","protected":false},"excerpt":{"rendered":"<p>Hab\u00e1r a cikk \u00edr\u00f3ja, parnote, nem sz\u00edveli az \u201ei\u201d eszk\u00f6z\u00f6ket (iPhone, iPad), csal\u00e1di okokb\u00f3l szembe ker\u00fclt az \u00e1ltaluk haszn\u00e1latos k\u00e9pform\u00e1tummal, a HEIC-cel. Cikk\u00e9ben foglalkozik a HEIC-f\u00e1jlok tulajdons\u00e1g\u00e1val:<\/p>\n","protected":false},"author":1,"featured_media":0,"comment_status":"open","ping_status":"closed","sticky":false,"template":"","format":"standard","meta":{"footnotes":""},"categories":[5],"tags":[407,421],"class_list":["post-4267","post","type-post","status-publish","format-standard","hentry","category-magazin","tag-407","tag-heic"],"_links":{"self":[{"href":"http:\/\/pclos.janu.hu\/index.php?rest_route=\/wp\/v2\/posts\/4267","targetHints":{"allow":["GET"]}}],"collection":[{"href":"http:\/\/pclos.janu.hu\/index.php?rest_route=\/wp\/v2\/posts"}],"about":[{"href":"http:\/\/pclos.janu.hu\/index.php?rest_route=\/wp\/v2\/types\/post"}],"author":[{"embeddable":true,"href":"http:\/\/pclos.janu.hu\/index.php?rest_route=\/wp\/v2\/users\/1"}],"replies":[{"embeddable":true,"href":"http:\/\/pclos.janu.hu\/index.php?rest_route=%2Fwp%2Fv2%2Fcomments&post=4267"}],"version-history":[{"count":2,"href":"http:\/\/pclos.janu.hu\/index.php?rest_route=\/wp\/v2\/posts\/4267\/revisions"}],"predecessor-version":[{"id":4272,"href":"http:\/\/pclos.janu.hu\/index.php?rest_route=\/wp\/v2\/posts\/4267\/revisions\/4272"}],"wp:attachment":[{"href":"http:\/\/pclos.janu.hu\/index.php?rest_route=%2Fwp%2Fv2%2Fmedia&parent=4267"}],"wp:term":[{"taxonomy":"category","embeddable":true,"href":"http:\/\/pclos.janu.hu\/index.php?rest_route=%2Fwp%2Fv2%2Fcategories&post=4267"},{"taxonomy":"post_tag","embeddable":true,"href":"http:\/\/pclos.janu.hu\/index.php?rest_route=%2Fwp%2Fv2%2Ftags&post=4267"}],"curies":[{"name":"wp","href":"https:\/\/api.w.org\/{rel}","templated":true}]}}