{"id":4370,"date":"2024-12-05T03:52:06","date_gmt":"2024-12-05T02:52:06","guid":{"rendered":"http:\/\/pclos.janu.hu\/?p=4370"},"modified":"2024-12-05T03:52:06","modified_gmt":"2024-12-05T02:52:06","slug":"a-typst-compiler-helyi-telepitese-pclinuxos-ra","status":"publish","type":"post","link":"http:\/\/pclos.janu.hu\/?p=4370","title":{"rendered":"A Typst Compiler helyi telep\u00edt\u00e9se PCLinuxOS-ra"},"content":{"rendered":"<p align=\"justify\"><span style=\"font-size: large;\">A m\u00falt h\u00f3napban be\u00edg\u00e9rt telep\u00edt\u00e9si elj\u00e1r\u00e1st ismerteti <span style=\"color: #0000ff;\"><strong>kalwisti<\/strong><\/span>. Szerencs\u00e9re nem csak a telep\u00edt\u00e9st, hanem j\u00f3 n\u00e9h\u00e1ny be\u00e1ll\u00edt\u00e1si megold\u00e1st is tartalmaz a cikk:<br \/>\n<\/span><!--more--><a href=\"http:\/\/pclos.janu.hu\/wp-content\/uploads\/2024\/12\/12_03_24_Typst_inst.pdf\" target=\"_blank\" rel=\"noopener\">A Typst Compiler helyi telep\u00edt\u00e9se PCLinuxOS-ra<\/a>.<\/p>\n<p align=\"justify\"><span style=\"font-size: large;\">V\u00e9lem\u00e9ny\u00fcnk szerint a cikk gondos elolvas\u00e1sa \u00e9s a le\u00edrtak k\u00f6vet\u00e9se elegend\u0151 a <span style=\"color: #3366ff;\"><strong>Typst<\/strong><\/span> haszn\u00e1lat\u00e1nak megkezd\u00e9s\u00e9hez. A magyar szerkeszt\u0151 gyakorlati tapasztalata, hogy a <strong><span style=\"color: #339966;\">VSCode<\/span><\/strong>\/<strong><span style=\"color: #339966;\">VSCodium<\/span><\/strong> t\u00f6k\u00e9letesen megfelel a c\u00e9lnak (aki egy kicsit k\u00f6r\u00fcln\u00e9z a szerkeszt\u0151ben, tapasztalhatja, hogy sz\u00e1mos nyelvi kiterjeszt\u00e9s is el\u00e9rhet\u0151 \u2013 \u00e9s j\u00f3 min\u0151s\u00e9g\u0171ek). \u00c9rdemes a preview kiterjeszt\u00e9st is telep\u00edteni, ami egyfajta WYSIWYG \u00e9lm\u00e9nyt ny\u00fajt. Emellett j\u00f3val k\u00f6nnyebb vele a tipikus hib\u00e1k \u201er\u00f6pt\u00e9ben\u201d val\u00f3 jav\u00edt\u00e1sa.<\/span><\/p>\n","protected":false},"excerpt":{"rendered":"<p>A m\u00falt h\u00f3napban be\u00edg\u00e9rt telep\u00edt\u00e9si elj\u00e1r\u00e1st ismerteti kalwisti. Szerencs\u00e9re nem csak a telep\u00edt\u00e9st, hanem j\u00f3 n\u00e9h\u00e1ny be\u00e1ll\u00edt\u00e1si megold\u00e1st is tartalmaz a cikk:<\/p>\n","protected":false},"author":1,"featured_media":0,"comment_status":"open","ping_status":"closed","sticky":false,"template":"","format":"standard","meta":{"footnotes":""},"categories":[5],"tags":[407,427],"class_list":["post-4370","post","type-post","status-publish","format-standard","hentry","category-magazin","tag-407","tag-typst"],"_links":{"self":[{"href":"http:\/\/pclos.janu.hu\/index.php?rest_route=\/wp\/v2\/posts\/4370","targetHints":{"allow":["GET"]}}],"collection":[{"href":"http:\/\/pclos.janu.hu\/index.php?rest_route=\/wp\/v2\/posts"}],"about":[{"href":"http:\/\/pclos.janu.hu\/index.php?rest_route=\/wp\/v2\/types\/post"}],"author":[{"embeddable":true,"href":"http:\/\/pclos.janu.hu\/index.php?rest_route=\/wp\/v2\/users\/1"}],"replies":[{"embeddable":true,"href":"http:\/\/pclos.janu.hu\/index.php?rest_route=%2Fwp%2Fv2%2Fcomments&post=4370"}],"version-history":[{"count":2,"href":"http:\/\/pclos.janu.hu\/index.php?rest_route=\/wp\/v2\/posts\/4370\/revisions"}],"predecessor-version":[{"id":4373,"href":"http:\/\/pclos.janu.hu\/index.php?rest_route=\/wp\/v2\/posts\/4370\/revisions\/4373"}],"wp:attachment":[{"href":"http:\/\/pclos.janu.hu\/index.php?rest_route=%2Fwp%2Fv2%2Fmedia&parent=4370"}],"wp:term":[{"taxonomy":"category","embeddable":true,"href":"http:\/\/pclos.janu.hu\/index.php?rest_route=%2Fwp%2Fv2%2Fcategories&post=4370"},{"taxonomy":"post_tag","embeddable":true,"href":"http:\/\/pclos.janu.hu\/index.php?rest_route=%2Fwp%2Fv2%2Ftags&post=4370"}],"curies":[{"name":"wp","href":"https:\/\/api.w.org\/{rel}","templated":true}]}}