{"id":4420,"date":"2025-03-07T22:36:28","date_gmt":"2025-03-07T21:36:28","guid":{"rendered":"http:\/\/pclos.janu.hu\/?p=4420"},"modified":"2025-03-07T22:39:53","modified_gmt":"2025-03-07T21:39:53","slug":"repo-mustra-a-grsync-kozelrol","status":"publish","type":"post","link":"http:\/\/pclos.janu.hu\/?p=4420","title":{"rendered":"Repo Mustra: a Grsync k\u00f6zelr\u0151l"},"content":{"rendered":"<p align=\"justify\"><span style=\"font-size: medium;\">M\u00e1rcius 31-e a \u201eH\u00e1tt\u00e9rment\u00e9s Vil\u00e1gnapja\u201d. A cikk szerz\u0151je, <span style=\"color: #0000ff;\"><strong>kalwisti<\/strong><\/span>, az <em>rsync<\/em> grafikus fel\u00fclet\u00e9t a <em>Grsync<\/em>-et mutatja be:<br \/>\n<\/span><!--more--><span style=\"font-size: medium;\"><a href=\"http:\/\/pclos.janu.hu\/wp-content\/uploads\/2025\/03\/03_01_25_RR_Grsync_det.pdf\" target=\"_blank\" rel=\"noopener\">Repo Mustra: a Grsync k\u00f6zelr\u0151l<\/a>. Az alkalmaz\u00e1s alapvet\u0151en egy grafikus el\u0151t\u00e9t az <em>rsync<\/em> haszn\u00e1lat\u00e1hoz sz\u00e1mos opci\u00f3val, be\u00e1ll\u00edt\u00e1ssal. R\u00e9szletesen bemutatja a lehet\u0151s\u00e9geket, k\u00fcl\u00f6n eml\u00edti a \u201esz\u00e1raz\u201d v\u00e9grehajt\u00e1st (modellez\u00e9st).<\/span><\/p>\n<p align=\"justify\"><span style=\"font-size: medium;\">Az alkalmaz\u00e1s sz\u00e1mos disztrib\u00faci\u00f3 (Mint, Fedora, Debian, Ubuntu) r\u00e9sze, a PCLinuxOS t\u00e1rol\u00f3j\u00e1ban is megtal\u00e1lhat\u00f3. Adatment\u00e9sre, folyamatos ment\u00e9s karbantart\u00e1sra kifejezetten aj\u00e1nlott.<\/span><\/p>\n","protected":false},"excerpt":{"rendered":"<p>M\u00e1rcius 31-e a \u201eH\u00e1tt\u00e9rment\u00e9s Vil\u00e1gnapja\u201d. A cikk szerz\u0151je, kalwisti, az rsync grafikus fel\u00fclet\u00e9t a Grsync-et mutatja be:<\/p>\n","protected":false},"author":1,"featured_media":0,"comment_status":"open","ping_status":"closed","sticky":false,"template":"","format":"standard","meta":{"footnotes":""},"categories":[5],"tags":[430,146],"class_list":["post-4420","post","type-post","status-publish","format-standard","hentry","category-magazin","tag-430","tag-mentes"],"_links":{"self":[{"href":"http:\/\/pclos.janu.hu\/index.php?rest_route=\/wp\/v2\/posts\/4420","targetHints":{"allow":["GET"]}}],"collection":[{"href":"http:\/\/pclos.janu.hu\/index.php?rest_route=\/wp\/v2\/posts"}],"about":[{"href":"http:\/\/pclos.janu.hu\/index.php?rest_route=\/wp\/v2\/types\/post"}],"author":[{"embeddable":true,"href":"http:\/\/pclos.janu.hu\/index.php?rest_route=\/wp\/v2\/users\/1"}],"replies":[{"embeddable":true,"href":"http:\/\/pclos.janu.hu\/index.php?rest_route=%2Fwp%2Fv2%2Fcomments&post=4420"}],"version-history":[{"count":1,"href":"http:\/\/pclos.janu.hu\/index.php?rest_route=\/wp\/v2\/posts\/4420\/revisions"}],"predecessor-version":[{"id":4422,"href":"http:\/\/pclos.janu.hu\/index.php?rest_route=\/wp\/v2\/posts\/4420\/revisions\/4422"}],"wp:attachment":[{"href":"http:\/\/pclos.janu.hu\/index.php?rest_route=%2Fwp%2Fv2%2Fmedia&parent=4420"}],"wp:term":[{"taxonomy":"category","embeddable":true,"href":"http:\/\/pclos.janu.hu\/index.php?rest_route=%2Fwp%2Fv2%2Fcategories&post=4420"},{"taxonomy":"post_tag","embeddable":true,"href":"http:\/\/pclos.janu.hu\/index.php?rest_route=%2Fwp%2Fv2%2Ftags&post=4420"}],"curies":[{"name":"wp","href":"https:\/\/api.w.org\/{rel}","templated":true}]}}