{"id":4504,"date":"2025-06-04T04:42:55","date_gmt":"2025-06-04T02:42:55","guid":{"rendered":"http:\/\/pclos.janu.hu\/?p=4504"},"modified":"2025-06-04T04:46:41","modified_gmt":"2025-06-04T02:46:41","slug":"typst-szakacskonyv-masodik-resz","status":"publish","type":"post","link":"http:\/\/pclos.janu.hu\/?p=4504","title":{"rendered":"Typst szak\u00e1csk\u00f6nyv, m\u00e1sodik r\u00e9sz"},"content":{"rendered":"<p align=\"justify\"><span style=\"font-family: Liberation Sans, sans-serif;\"><span style=\"font-size: large;\">Sz\u00e1mos kiadv\u00e1ny k\u00e9sz\u00edt\u0151 megold\u00e1s l\u00e9tezik, alapvet\u0151en a (<em>La<\/em>)<em>TeX<\/em> \u201ehengerel\u201d. Ma m\u00e1r Magyarorsz\u00e1gon is elv\u00e1r\u00e1s, hogy egyetemi diplomamunk\u00e1kat <em>LaTeX<\/em>-ben k\u00e9sz\u00edts\u00e9k el a hallgat\u00f3k.<\/span><\/span><\/p>\n<p align=\"justify\"><span style=\"font-family: Liberation Sans, sans-serif;\"><span style=\"font-size: large;\">Ehhez k\u00e9pest a <strong><em>Typst<\/em><\/strong> val\u00f3di konkurenci\u00e1t jelent. M\u00e1r jelenleg is hatalmas sablongy\u0171jtem\u00e9nnyel rendelkezik, saj\u00e1t tapasztalat (<i>janu<\/i>), hogy k\u00e9pess\u00e9gei megk\u00f6zel\u00edtik a <em>LaTeX<\/em> lehet\u0151s\u00e9geit.<\/span><\/span><!--more--><\/p>\n<p align=\"justify\"><span style=\"font-family: Liberation Sans, sans-serif;\"><span style=\"font-size: large;\"><span style=\"color: #0000ff;\"><strong>kalwisti<\/strong><\/span> sorozat\u00e1nak m\u00e1sodik r\u00e9sze sz\u00e1mos program r\u00e9szletet tartalmaz: <a href=\"http:\/\/pclos.janu.hu\/wp-content\/uploads\/2025\/06\/06_02_25_Typst_cb_2.pdf\" target=\"_blank\" rel=\"noopener\">Typst szak\u00e1csk\u00f6nyv, m\u00e1sodik r\u00e9sz<\/a>.<\/span><\/span><\/p>\n<p align=\"justify\"><span style=\"font-family: Liberation Sans, sans-serif;\"><span style=\"font-size: large;\">Szemmel l\u00e1that\u00f3an a <em><strong>Typst<\/strong><\/em> fejleszt\u0151i egy soktud\u00e1s\u00fa, k\u00f6nyv k\u00e9sz\u00edt\u00e9s\u00e9re is alkalmas programot k\u00edv\u00e1nnak l\u00e9trehozni.<\/span><\/span><\/p>\n","protected":false},"excerpt":{"rendered":"<p>Sz\u00e1mos kiadv\u00e1ny k\u00e9sz\u00edt\u0151 megold\u00e1s l\u00e9tezik, alapvet\u0151en a (La)TeX \u201ehengerel\u201d. Ma m\u00e1r Magyarorsz\u00e1gon is elv\u00e1r\u00e1s, hogy egyetemi diplomamunk\u00e1kat LaTeX-ben k\u00e9sz\u00edts\u00e9k el a hallgat\u00f3k. Ehhez k\u00e9pest a Typst val\u00f3di konkurenci\u00e1t jelent. M\u00e1r jelenleg is hatalmas sablongy\u0171jtem\u00e9nnyel rendelkezik, saj\u00e1t tapasztalat (janu), hogy k\u00e9pess\u00e9gei &hellip; <a href=\"http:\/\/pclos.janu.hu\/?p=4504\">Egy kattint\u00e1s ide a folytat\u00e1shoz&#8230;. <span class=\"meta-nav\">&rarr;<\/span><\/a><\/p>\n","protected":false},"author":1,"featured_media":0,"comment_status":"open","ping_status":"closed","sticky":false,"template":"","format":"standard","meta":{"footnotes":""},"categories":[5],"tags":[430,100,427],"class_list":["post-4504","post","type-post","status-publish","format-standard","hentry","category-magazin","tag-430","tag-kiadvanyszerkeszto","tag-typst"],"_links":{"self":[{"href":"http:\/\/pclos.janu.hu\/index.php?rest_route=\/wp\/v2\/posts\/4504","targetHints":{"allow":["GET"]}}],"collection":[{"href":"http:\/\/pclos.janu.hu\/index.php?rest_route=\/wp\/v2\/posts"}],"about":[{"href":"http:\/\/pclos.janu.hu\/index.php?rest_route=\/wp\/v2\/types\/post"}],"author":[{"embeddable":true,"href":"http:\/\/pclos.janu.hu\/index.php?rest_route=\/wp\/v2\/users\/1"}],"replies":[{"embeddable":true,"href":"http:\/\/pclos.janu.hu\/index.php?rest_route=%2Fwp%2Fv2%2Fcomments&post=4504"}],"version-history":[{"count":1,"href":"http:\/\/pclos.janu.hu\/index.php?rest_route=\/wp\/v2\/posts\/4504\/revisions"}],"predecessor-version":[{"id":4506,"href":"http:\/\/pclos.janu.hu\/index.php?rest_route=\/wp\/v2\/posts\/4504\/revisions\/4506"}],"wp:attachment":[{"href":"http:\/\/pclos.janu.hu\/index.php?rest_route=%2Fwp%2Fv2%2Fmedia&parent=4504"}],"wp:term":[{"taxonomy":"category","embeddable":true,"href":"http:\/\/pclos.janu.hu\/index.php?rest_route=%2Fwp%2Fv2%2Fcategories&post=4504"},{"taxonomy":"post_tag","embeddable":true,"href":"http:\/\/pclos.janu.hu\/index.php?rest_route=%2Fwp%2Fv2%2Ftags&post=4504"}],"curies":[{"name":"wp","href":"https:\/\/api.w.org\/{rel}","templated":true}]}}