{"id":555,"date":"2013-10-26T19:36:20","date_gmt":"2013-10-26T17:36:20","guid":{"rendered":"http:\/\/pclos.janu.hu\/?p=555"},"modified":"2013-10-26T19:36:20","modified_gmt":"2013-10-26T17:36:20","slug":"windows-migralas-asztali-kornyezetek-es-ablakkezelok","status":"publish","type":"post","link":"http:\/\/pclos.janu.hu\/?p=555","title":{"rendered":"Windows migr\u00e1l\u00e1s: asztali k\u00f6rnyezetek \u00e9s ablakkezel\u0151k"},"content":{"rendered":"<p>Ebben a h\u00f3napban folytat\u00f3dik <span style=\"color: #3366ff;\"><strong>agmg<\/strong><\/span> (csak most l\u00e1tom, hogy neve magyarul eg\u00e9szen m\u00e1st jelent \ud83d\ude42 ) sorozata:\u00a0<a href=\"http:\/\/pclos.janu.hu\/wp-content\/uploads\/2013\/10\/WM_Desk_Tops.pdf\" target=\"_blank\">Asztali k\u00f6rnyezet \u00e9s ablakkezel\u0151k<\/a>.\u00a0Bemutatja az ablakkezel\u0151k sz\u00e9les v\u00e1laszt\u00e9k\u00e1t, mindez a <span style=\"color: #008080;\"><strong>PCLinuxOS<\/strong><\/span> t\u00e1rol\u00f3ib\u00f3l el\u00e9rhet\u0151k. Az eredeti cikk: Windows Migration: <a href=\"http:\/\/pclosmag.com\/html\/Issues\/201304\/page03.html\" target=\"_blank\">Desktop Environments &amp; Window Managers<\/a><\/p>\n<p>&nbsp;<\/p>\n","protected":false},"excerpt":{"rendered":"<p>Ebben a h\u00f3napban folytat\u00f3dik agmg (csak most l\u00e1tom, hogy neve magyarul eg\u00e9szen m\u00e1st jelent \ud83d\ude42 ) sorozata:\u00a0Asztali k\u00f6rnyezet \u00e9s ablakkezel\u0151k.\u00a0Bemutatja az ablakkezel\u0151k sz\u00e9les v\u00e1laszt\u00e9k\u00e1t, mindez a PCLinuxOS t\u00e1rol\u00f3ib\u00f3l el\u00e9rhet\u0151k. Az eredeti cikk: Windows Migration: Desktop Environments &amp; Window Managers &nbsp;<\/p>\n","protected":false},"author":1,"featured_media":0,"comment_status":"open","ping_status":"closed","sticky":false,"template":"","format":"standard","meta":{"footnotes":""},"categories":[35,5],"tags":[85,92,16,88,15,47],"class_list":["post-555","post","type-post","status-publish","format-standard","hentry","category-desktop","category-magazin","tag-85","tag-ablakkezelo","tag-felhasznalo","tag-windows","tag-x","tag-xorg"],"_links":{"self":[{"href":"http:\/\/pclos.janu.hu\/index.php?rest_route=\/wp\/v2\/posts\/555","targetHints":{"allow":["GET"]}}],"collection":[{"href":"http:\/\/pclos.janu.hu\/index.php?rest_route=\/wp\/v2\/posts"}],"about":[{"href":"http:\/\/pclos.janu.hu\/index.php?rest_route=\/wp\/v2\/types\/post"}],"author":[{"embeddable":true,"href":"http:\/\/pclos.janu.hu\/index.php?rest_route=\/wp\/v2\/users\/1"}],"replies":[{"embeddable":true,"href":"http:\/\/pclos.janu.hu\/index.php?rest_route=%2Fwp%2Fv2%2Fcomments&post=555"}],"version-history":[{"count":1,"href":"http:\/\/pclos.janu.hu\/index.php?rest_route=\/wp\/v2\/posts\/555\/revisions"}],"predecessor-version":[{"id":558,"href":"http:\/\/pclos.janu.hu\/index.php?rest_route=\/wp\/v2\/posts\/555\/revisions\/558"}],"wp:attachment":[{"href":"http:\/\/pclos.janu.hu\/index.php?rest_route=%2Fwp%2Fv2%2Fmedia&parent=555"}],"wp:term":[{"taxonomy":"category","embeddable":true,"href":"http:\/\/pclos.janu.hu\/index.php?rest_route=%2Fwp%2Fv2%2Fcategories&post=555"},{"taxonomy":"post_tag","embeddable":true,"href":"http:\/\/pclos.janu.hu\/index.php?rest_route=%2Fwp%2Fv2%2Ftags&post=555"}],"curies":[{"name":"wp","href":"https:\/\/api.w.org\/{rel}","templated":true}]}}