{"id":606,"date":"2013-10-27T10:05:34","date_gmt":"2013-10-27T09:05:34","guid":{"rendered":"http:\/\/pclos.janu.hu\/?p=606"},"modified":"2013-10-27T10:05:34","modified_gmt":"2013-10-27T09:05:34","slug":"windows-migralas-nehany-alapparancs","status":"publish","type":"post","link":"http:\/\/pclos.janu.hu\/?p=606","title":{"rendered":"Windows migr\u00e1l\u00e1s: n\u00e9h\u00e1ny alapparancs"},"content":{"rendered":"<p>A termin\u00e1lban kiadhat\u00f3 parancsoknak se szeri, se sz\u00e1ma. Ebben a cikkben tov\u00e1bbi fontosabb ismeretet szerezhet\u00fcnk, p\u00e9ld\u00e1ul hogyan \u00e9rhet\u00fcnk el k\u00fcl\u00f6nf\u00e9le seg\u00edts\u00e9g-szolg\u00e1ltat\u00e1st, f\u00e1jlok, k\u00f6nyvt\u00e1rak kezel\u00e9se stb.\u00a0<a href=\"http:\/\/pclos.janu.hu\/wp-content\/uploads\/2013\/10\/WM_term_alapparancsok.pdf\" target=\"_blank\">Windows migr\u00e1l\u00e1s: termin\u00e1l alapparancsok<\/a>. Az eredeti cikk: <a href=\"http:\/\/www.pclosmag.com\/html\/Issues\/201306\/page03.html\" target=\"_blank\">Windows Migration: The Terminal &#8212; Some Common Commads<\/a><\/p>\n","protected":false},"excerpt":{"rendered":"<p>A termin\u00e1lban kiadhat\u00f3 parancsoknak se szeri, se sz\u00e1ma. Ebben a cikkben tov\u00e1bbi fontosabb ismeretet szerezhet\u00fcnk, p\u00e9ld\u00e1ul hogyan \u00e9rhet\u00fcnk el k\u00fcl\u00f6nf\u00e9le seg\u00edts\u00e9g-szolg\u00e1ltat\u00e1st, f\u00e1jlok, k\u00f6nyvt\u00e1rak kezel\u00e9se stb.\u00a0Windows migr\u00e1l\u00e1s: termin\u00e1l alapparancsok. Az eredeti cikk: Windows Migration: The Terminal &#8212; Some Common Commads<\/p>\n","protected":false},"author":1,"featured_media":0,"comment_status":"open","ping_status":"closed","sticky":false,"template":"","format":"standard","meta":{"footnotes":""},"categories":[5],"tags":[85,43,197,19,88],"class_list":["post-606","post","type-post","status-publish","format-standard","hentry","category-magazin","tag-85","tag-linux","tag-rendszer","tag-terminal","tag-windows"],"_links":{"self":[{"href":"http:\/\/pclos.janu.hu\/index.php?rest_route=\/wp\/v2\/posts\/606","targetHints":{"allow":["GET"]}}],"collection":[{"href":"http:\/\/pclos.janu.hu\/index.php?rest_route=\/wp\/v2\/posts"}],"about":[{"href":"http:\/\/pclos.janu.hu\/index.php?rest_route=\/wp\/v2\/types\/post"}],"author":[{"embeddable":true,"href":"http:\/\/pclos.janu.hu\/index.php?rest_route=\/wp\/v2\/users\/1"}],"replies":[{"embeddable":true,"href":"http:\/\/pclos.janu.hu\/index.php?rest_route=%2Fwp%2Fv2%2Fcomments&post=606"}],"version-history":[{"count":1,"href":"http:\/\/pclos.janu.hu\/index.php?rest_route=\/wp\/v2\/posts\/606\/revisions"}],"predecessor-version":[{"id":608,"href":"http:\/\/pclos.janu.hu\/index.php?rest_route=\/wp\/v2\/posts\/606\/revisions\/608"}],"wp:attachment":[{"href":"http:\/\/pclos.janu.hu\/index.php?rest_route=%2Fwp%2Fv2%2Fmedia&parent=606"}],"wp:term":[{"taxonomy":"category","embeddable":true,"href":"http:\/\/pclos.janu.hu\/index.php?rest_route=%2Fwp%2Fv2%2Fcategories&post=606"},{"taxonomy":"post_tag","embeddable":true,"href":"http:\/\/pclos.janu.hu\/index.php?rest_route=%2Fwp%2Fv2%2Ftags&post=606"}],"curies":[{"name":"wp","href":"https:\/\/api.w.org\/{rel}","templated":true}]}}