{"id":987,"date":"2014-02-14T05:29:10","date_gmt":"2014-02-14T04:29:10","guid":{"rendered":"http:\/\/pclos.janu.hu\/?p=987"},"modified":"2014-02-14T05:39:43","modified_gmt":"2014-02-14T04:39:43","slug":"lxde-szerenyebb-gepekre","status":"publish","type":"post","link":"http:\/\/pclos.janu.hu\/?p=987","title":{"rendered":"LXDE szer\u00e9nyebb g\u00e9pekre"},"content":{"rendered":"<p>Mik\u00f6zben m\u00e1r gigab\u00e1jtokban m\u00e9rj\u00fck az operat\u00edv mem\u00f3ri\u00e1t, hajlamosak vagyunk elfeledkezni a r\u00e9gi, szer\u00e9nyebb kapacit\u00e1s\u00fa g\u00e9pekr\u0151l. Most ehhez ny\u00fajt seg\u00edts\u00e9get <span style=\"color: #0000ff;\"><strong>Tomi37<\/strong><\/span> \u00fajabb <span style=\"color: #008080;\"><strong>PCLinuxOS<\/strong><\/span> remastere LXDE fel\u00fclettel. <!--more-->R\u00f6vid t\u00e1j\u00e9koztat\u00e1sa:<\/p>\n<blockquote><p>&#8230;680 MB lett, vagyis CD m\u00e9ret\u0171.\u00a0Magyar lok\u00e1ci\u00f3s ez is,\u00a0kieg\u00e9sz\u00edtve a szok\u00e1sos autostartos conky-val. Autologinos, vagyis nem kell\u00a0k\u00fcl\u00f6n LIVE-ban bejelentkezni. Tegnap tesztel\u00e9skor egy Intel Celeron\u00a0400MHz-es CPU-val \u00e9s 256 MB RAM-mal v\u00edgan futott. \ud83d\ude42<\/p><\/blockquote>\n<p>Mit lehet ehhez hozz\u00e1tenni? Ne dobd ki r\u00e9gi-r\u00e9gi g\u00e9pedet, futtass rajta <span style=\"color: #008080;\"><strong>PCLinuxOS<\/strong><\/span>-t!<\/p>\n<p>Most egy k\u00e9pet is be tudunk mutatni:<\/p>\n<p><a href=\"http:\/\/pclos.janu.hu\/wp-content\/uploads\/2014\/02\/pclos-with-LXDE.png\"><img loading=\"lazy\" decoding=\"async\" class=\"aligncenter size-medium wp-image-990\" alt=\"pclos with LXDE\" src=\"http:\/\/pclos.janu.hu\/wp-content\/uploads\/2014\/02\/pclos-with-LXDE-300x225.png\" width=\"300\" height=\"225\" srcset=\"http:\/\/pclos.janu.hu\/wp-content\/uploads\/2014\/02\/pclos-with-LXDE-300x225.png 300w, http:\/\/pclos.janu.hu\/wp-content\/uploads\/2014\/02\/pclos-with-LXDE.png 1024w\" sizes=\"auto, (max-width: 300px) 100vw, 300px\" \/><\/a><\/p>\n<p>Let\u00f6lthet\u0151:<\/p>\n<ul>\n<li><a href=\"http:\/\/empire.janu.hu\/PCLinuxOS32_LXDE_2014.iso\" target=\"_blank\">Lemezk\u00e9p<\/a><\/li>\n<li><a href=\"http:\/\/empire.janu.hu\/PCLinuxOS32_LXDE_2014.iso.md5\" target=\"_blank\">Ellen\u0151rz\u0151 \u00f6sszeg f\u00e1jl<\/a><\/li>\n<\/ul>\n","protected":false},"excerpt":{"rendered":"<p>Mik\u00f6zben m\u00e1r gigab\u00e1jtokban m\u00e9rj\u00fck az operat\u00edv mem\u00f3ri\u00e1t, hajlamosak vagyunk elfeledkezni a r\u00e9gi, szer\u00e9nyebb kapacit\u00e1s\u00fa g\u00e9pekr\u0151l. Most ehhez ny\u00fajt seg\u00edts\u00e9get Tomi37 \u00fajabb PCLinuxOS remastere LXDE fel\u00fclettel.<\/p>\n","protected":false},"author":1,"featured_media":0,"comment_status":"open","ping_status":"closed","sticky":false,"template":"","format":"standard","meta":{"footnotes":""},"categories":[10],"tags":[123,44,201,198,113,70],"class_list":["post-987","post","type-post","status-publish","format-standard","hentry","category-live","tag-123","tag-cd","tag-desktop","tag-live","tag-lxde","tag-pclinuxos"],"_links":{"self":[{"href":"http:\/\/pclos.janu.hu\/index.php?rest_route=\/wp\/v2\/posts\/987","targetHints":{"allow":["GET"]}}],"collection":[{"href":"http:\/\/pclos.janu.hu\/index.php?rest_route=\/wp\/v2\/posts"}],"about":[{"href":"http:\/\/pclos.janu.hu\/index.php?rest_route=\/wp\/v2\/types\/post"}],"author":[{"embeddable":true,"href":"http:\/\/pclos.janu.hu\/index.php?rest_route=\/wp\/v2\/users\/1"}],"replies":[{"embeddable":true,"href":"http:\/\/pclos.janu.hu\/index.php?rest_route=%2Fwp%2Fv2%2Fcomments&post=987"}],"version-history":[{"count":5,"href":"http:\/\/pclos.janu.hu\/index.php?rest_route=\/wp\/v2\/posts\/987\/revisions"}],"predecessor-version":[{"id":993,"href":"http:\/\/pclos.janu.hu\/index.php?rest_route=\/wp\/v2\/posts\/987\/revisions\/993"}],"wp:attachment":[{"href":"http:\/\/pclos.janu.hu\/index.php?rest_route=%2Fwp%2Fv2%2Fmedia&parent=987"}],"wp:term":[{"taxonomy":"category","embeddable":true,"href":"http:\/\/pclos.janu.hu\/index.php?rest_route=%2Fwp%2Fv2%2Fcategories&post=987"},{"taxonomy":"post_tag","embeddable":true,"href":"http:\/\/pclos.janu.hu\/index.php?rest_route=%2Fwp%2Fv2%2Ftags&post=987"}],"curies":[{"name":"wp","href":"https:\/\/api.w.org\/{rel}","templated":true}]}}